{"id":37623,"date":"2021-09-01T03:53:16","date_gmt":"2021-09-01T03:53:16","guid":{"rendered":"https:\/\/www.provenir.com\/spanish\/?p=37623"},"modified":"2026-03-30T08:59:51","modified_gmt":"2026-03-30T08:59:51","slug":"provenir-designa-a-su-nuevo-vicepresidente-ejecutivo-y-gerente-general-para-liderar-su-expansion-en-america-latina","status":"publish","type":"post","link":"https:\/\/www.provenir.com\/es\/provenir-designa-a-su-nuevo-vicepresidente-ejecutivo-y-gerente-general-para-liderar-su-expansion-en-america-latina\/","title":{"rendered":"Provenir designa a su nuevo vicepresidente ejecutivo y gerente general para liderar su expansi\u00f3n en Am\u00e9rica Latina"},"content":{"rendered":"<h1>Provenir designa a su nuevo vicepresidente ejecutivo y gerente general para liderar su expansi\u00f3n en Am\u00e9rica Latina<\/h1>\n<div>\n<p><em>The appointment reinforces Provenir\u2019s commitment to support financial institutions in simplifying their risk decisioning and driving innovative products to market faster<\/em><\/p>\n<p><strong>PARSIPPANY, NJ<\/strong>\u2013Sept. 1, 2021 \u2013 Provenir, a global leader in data analytics software and risk decisioning, has appointed Jos\u00e9 Luis Vargas-Favero as its new executive vice president and general manager for Latin America. In his new role, Vargas-Favero will be responsible for leading Provenir&#8217;s ambitious expansion plans to triple its footprint in the region by the end of 2021.<\/p>\n<p>Vargas-Favero brings more than 25 years of financial services experience in management, sales, business development, consulting, data analytics, decision management technology, digital transformation and risk management to Provenir. Prior to joining Provenir, he held several global senior leadership roles at FICO.<\/p>\n<p>\u201cJos\u00e9\u2019s deep industry knowledge and global experience will be invaluable as we seek to become the leading trusted risk decisioning partner across Latin America,\u201d said Larry Smith, founder and CEO of Provenir. \u201cWe see tremendous opportunity to help financial institutions in the region provide a superior and more inclusive customer experience by providing them with access to alternative types of data to assess risk and make smarter decisions.\u201d<\/p>\n<p>Latin America is producing a large and rapidly growing number of innovative and disruptive fintechs, which are raising record amounts of investment as they seize the opportunity to provide a superior and more responsive customer experience to a region with a population of more than 650 million and a combined economy of over 5 trillion USD. According to estimates, more than 70% of adults in the region have a smartphone yet only 30% have a banking relationship. Under Vargas-Favero\u2019s leadership, Provenir will enhance its ability to support financial and non-financial institutions in providing better credit options to this unbanked population through alternative data powered technology.<\/p>\n<p>\u201cI am honored to join a company that shares my passion for using data, analytics and decisioning technology to improve the financial services landscape for all, and to contribute to eliminating financial exclusion for the vast population of underserved and unbanked individuals in the region,\u201d said Vargas-Favero. \u201cProvenir has distinguished itself as a global leader in risk decisioning processes with its amazing cloud-native technology, and I am excited to join at this pivotal time to help accelerate the company\u2019s existing growth trajectory.\u201d<\/p>\n<p>The company is actively recruiting talent to expand the team in the region and is establishing alliances with local data partners to continue developing the Provenir Marketplace and better service the region.<\/p>\n<p>Connect with Jose on <a href=\"https:\/\/www.linkedin.com\/in\/joseluisvargasfavero\/\">Linkedin!<\/a><\/p>\n<\/div>\n<div><a href=\"http:\/\/provenir.com\/blog\/10-fintechs-that-are-transforming-sme-lending\/\">10 Fintechs that are Transforming SME Lending<\/a><\/div>\n<p><p>\n        <a href=\"\/es\/diez-fintechs-que-estan-transformando-los-prestamos-a-las-pymes\/\">Read the blog<\/a>\n    <\/p>\n<\/p>\n<h3>ADDITIONAL RESOURCES<\/h3>\n<div>\n<div class=\"pt-cv-wrapper\"><div class=\"cvp-live-filter cvp-dropdown \" id=\"\" data-name=\"tx_industry\" data-sid=\"63f5fa85yq\" data-isblock=\"\" data-postid=\"\"><label class=\"cvp-label\"><\/label><select name=\"tx_industry\"><option value=\"\">Todas las industrias<\/option><option value=\"ai\" >AI<span class=\"cvp-count\"> (13)<\/span><\/option><option value=\"banca-digital\" >Banca Digital<span class=\"cvp-count\"> (2)<\/span><\/option><option value=\"bancario\" >Bancario<span class=\"cvp-count\"> (6)<\/span><\/option><option value=\"bnpl\" >BNPL<span class=\"cvp-count\"> (10)<\/span><\/option><option value=\"colecciones\" >Colecciones<span class=\"cvp-count\"> (2)<\/span><\/option><option value=\"credito-al-consumo\" >Cr\u00e9dito al consumo<span class=\"cvp-count\"> (3)<\/span><\/option><option value=\"datos\" >Datos<span class=\"cvp-count\"> (22)<\/span><\/option><option value=\"auto\" >Financiaci\u00f3n de autom\u00f3viles<span class=\"cvp-count\"> (5)<\/span><\/option><option value=\"fintech\" >Fintech<span class=\"cvp-count\"> (20)<\/span><\/option><option value=\"fraude\" >Fraude<span class=\"cvp-count\"> (15)<\/span><\/option><option value=\"gestion-de-casos\" >Gesti\u00f3n de casos<span class=\"cvp-count\"> (3)<\/span><\/option><option value=\"gestion-del-riesgo-crediticio\" >Gesti\u00f3n del riesgo crediticio<span class=\"cvp-count\"> (14)<\/span><\/option><option value=\"hiperpersonalizacion\" >Hiperpersonalizaci\u00f3n<span class=\"cvp-count\"> (2)<\/span><\/option><option value=\"hipoteca\" >Hipoteca<span class=\"cvp-count\"> (1)<\/span><\/option><option value=\"incorporacion\" >Incorporaci\u00f3n<span class=\"cvp-count\"> (1)<\/span><\/option><option value=\"originacion-de-prestamos\" >Originaci\u00f3n de pr\u00e9stamos<span class=\"cvp-count\"> (1)<\/span><\/option><option value=\"pagos\" >Pagos<span class=\"cvp-count\"> (1)<\/span><\/option><option value=\"prestamos\" >Pr\u00e9stamos<span class=\"cvp-count\"> (3)<\/span><\/option><option value=\"prestamos-al-consumo\" >Pr\u00e9stamos al consumo<span class=\"cvp-count\"> (7)<\/span><\/option><option value=\"prestamos-digitales\" >Pr\u00e9stamos digitales<span class=\"cvp-count\"> (1)<\/span><\/option><option value=\"prestamos-para-pyme\" >Pr\u00e9stamos para PYME<span class=\"cvp-count\"> (9)<\/span><\/option><option value=\"provenir\" >Provenir<span class=\"cvp-count\"> (32)<\/span><\/option><option value=\"servicios-financieros\" >Servicios financieros<span class=\"cvp-count\"> (17)<\/span><\/option><option value=\"suscripcion\" >Suscripci\u00f3n<span class=\"cvp-count\"> (1)<\/span><\/option><option value=\"tarjetas-de-credito\" >Tarjetas de credito<span class=\"cvp-count\"> (2)<\/span><\/option><option value=\"telco\" >Telco<span class=\"cvp-count\"> (8)<\/span><\/option><option value=\"tomar-decisiones\" >Tomar decisiones<span class=\"cvp-count\"> (15)<\/span><\/option><\/select><\/div><div class=\"cvp-live-filter cvp-dropdown \" id=\"\" data-name=\"tx_resource\" data-sid=\"63f5fa85yq\" data-isblock=\"\" data-postid=\"\"><label class=\"cvp-label\"><\/label><select name=\"tx_resource\"><option value=\"\">Todos los recursos<\/option><option value=\"blogs\" >Blogs<span class=\"cvp-count\"> (53)<\/span><\/option><option value=\"demostracion\" >Demostraci\u00f3n<span class=\"cvp-count\"> (2)<\/span><\/option><option value=\"encuesta\" >Encuesta<span class=\"cvp-count\"> (4)<\/span><\/option><option value=\"estudios-de-caso\" >Estudios de caso<span class=\"cvp-count\"> (3)<\/span><\/option><option value=\"eventos\" >Eventos<span class=\"cvp-count\"> (2)<\/span><\/option><option value=\"ficha-de-datos\" >Ficha de datos<span class=\"cvp-count\"> (13)<\/span><\/option><option value=\"infografias\" >Infograf\u00edas<span class=\"cvp-count\"> (18)<\/span><\/option><option value=\"libro-electronico\" >Libro electr\u00f3nico<span class=\"cvp-count\"> (21)<\/span><\/option><option value=\"noticias\" >Noticias<span class=\"cvp-count\"> (36)<\/span><\/option><option value=\"partners\" >Partners<span class=\"cvp-count\"> (8)<\/span><\/option><option value=\"podcast\" >Podcast<span class=\"cvp-count\"> (1)<\/span><\/option><option value=\"webinars\" >Webinars<span class=\"cvp-count\"> (23)<\/span><\/option><\/select><\/div><div class=\"cvp-live-filter cvp-search-box \" id=\"\" data-name=\"_search\" data-sid=\"63f5fa85yq\" data-isblock=\"\" data-postid=\"\"><label for='sf_1300' class=\"cvp-label\"><\/label><input type=\"text\" id=\"sf_1300\" name=\"_search\" value=\"\" data-nosubmit=\"true\" placeholder=\"Buscar\"\/><\/div><div class=\"pt-cv-view pt-cv-grid pt-cv-colsys cveffect-darken pt-cv-same-height pt-cv-pgloadmore pt-cv-round-btn cvp-lfres\" id=\"pt-cv-view-63f5fa85yq\"><div data-id=\"pt-cv-page-1\" class=\"pt-cv-page\" data-cvc=\"4\" data-cvct=\"3\" data-cvcm=\"1\"><div class=\"col-md-3 col-sm-4 col-xs-12 pt-cv-content-item pt-cv-1-col\"  data-pid=\"38367\"><div class='pt-cv-ifield'><a href=\"https:\/\/www.provenir.com\/es\/la-serie-de-mitos-de-la-hiperpersonalizacion-2\/\" class=\"_self pt-cv-href-thumbnail pt-cv-thumb-default pt-cv-thumb-wrapper cvplbd cvp-responsive-image img-rounded\" target=\"_self\" data-iw=\"200\" data-ih=\"100\"><img loading=\"lazy\" decoding=\"async\" width=\"1536\" height=\"1024\" src=\"https:\/\/www.provenir.com\/es\/wp-content\/uploads\/sites\/5\/2026\/02\/Hyper-Personlization-2-ES.png\" class=\"pt-cv-thumbnail img-rounded skip-lazy \" alt=\"La serie de mitos de la Hiperpersonalizaci\u00f3n #2:\" \/><\/a>\n<h4 class=\"pt-cv-title\"><a href=\"https:\/\/www.provenir.com\/es\/la-serie-de-mitos-de-la-hiperpersonalizacion-2\/\" class=\"_self cvplbd\" target=\"_self\" data-iw=\"200\" data-ih=\"100\">La serie de mitos de...<\/a><\/h4>\n<div class=\"pt-cv-content\">La serie de mitos de la Hiperpersonalizaci\u00f3n #2: La trampa del scorecard: c\u00f3mo los modelos tradicionales est\u00e1n dejando dinero sobre ...<br \/><div class=\"pt-cv-rmwrap\"><a href=\"https:\/\/www.provenir.com\/es\/la-serie-de-mitos-de-la-hiperpersonalizacion-2\/\" class=\"_self pt-cv-readmore btn btn-success cvplbd\" target=\"_self\" data-iw=\"200\" data-ih=\"100\">Leer m\u00e1s<\/a><\/div><\/div><\/div><\/div>\n<div class=\"col-md-3 col-sm-4 col-xs-12 pt-cv-content-item pt-cv-1-col\"  data-pid=\"38355\"><div class='pt-cv-ifield'><a href=\"https:\/\/www.provenir.com\/es\/serie-el-mito-de-la-hiperpersonalizacion-1\/\" class=\"_self pt-cv-href-thumbnail pt-cv-thumb-default pt-cv-thumb-wrapper cvplbd cvp-responsive-image img-rounded\" target=\"_self\" data-iw=\"200\" data-ih=\"100\"><img loading=\"lazy\" decoding=\"async\" width=\"1200\" height=\"628\" src=\"https:\/\/www.provenir.com\/es\/wp-content\/uploads\/sites\/5\/2026\/02\/260213-BLOG-Hyper-personalization-Myth1-FeatureIMG-GL_ES-49702.jpg\" class=\"pt-cv-thumbnail img-rounded skip-lazy \" alt=\"Hyper-personalization\" \/><\/a>\n<h4 class=\"pt-cv-title\"><a href=\"https:\/\/www.provenir.com\/es\/serie-el-mito-de-la-hiperpersonalizacion-1\/\" class=\"_self cvplbd\" target=\"_self\" data-iw=\"200\" data-ih=\"100\">Serie \u201cEl Mito de la...<\/a><\/h4>\n<div class=\"pt-cv-content\">Serie \u201cEl Mito de la Hiperpersonalizaci\u00f3n\u201d #1:Por qu\u00e9 los bancos creen que est\u00e1n personalizando a nivel extremo\u2026 y no es ...<br \/><div class=\"pt-cv-rmwrap\"><a href=\"https:\/\/www.provenir.com\/es\/serie-el-mito-de-la-hiperpersonalizacion-1\/\" class=\"_self pt-cv-readmore btn btn-success cvplbd\" target=\"_self\" data-iw=\"200\" data-ih=\"100\">Leer m\u00e1s<\/a><\/div><\/div><\/div><\/div>\n<div class=\"col-md-3 col-sm-4 col-xs-12 pt-cv-content-item pt-cv-1-col\"  data-pid=\"38332\"><div class='pt-cv-ifield'><a href=\"https:\/\/www.provenir.com\/es\/mas-alla-de-las-reglas-estaticas\/\" class=\"_self pt-cv-href-thumbnail pt-cv-thumb-default pt-cv-thumb-wrapper cvplbd cvp-responsive-image img-rounded\" target=\"_self\" data-iw=\"200\" data-ih=\"100\"><img loading=\"lazy\" decoding=\"async\" width=\"1800\" height=\"942\" src=\"https:\/\/www.provenir.com\/es\/wp-content\/uploads\/sites\/5\/2026\/02\/250922-BLOG-AI-Campaign-social-tile04-1200x628-GL_ES-46776.jpg\" class=\"pt-cv-thumbnail img-rounded skip-lazy \" alt=\"M\u00e1s all\u00e1 de las reglas est\u00e1ticas\" \/><\/a>\n<h4 class=\"pt-cv-title\"><a href=\"https:\/\/www.provenir.com\/es\/mas-alla-de-las-reglas-estaticas\/\" class=\"_self cvplbd\" target=\"_self\" data-iw=\"200\" data-ih=\"100\">M\u00e1s all\u00e1 de las regl...<\/a><\/h4>\n<div class=\"pt-cv-content\">M\u00e1s all\u00e1 de las reglas est\u00e1ticas:c\u00f3mo los sistemas de aprendizaje mejoran la toma de decisiones en los servicios financieros En ...<br \/><div class=\"pt-cv-rmwrap\"><a href=\"https:\/\/www.provenir.com\/es\/mas-alla-de-las-reglas-estaticas\/\" class=\"_self pt-cv-readmore btn btn-success cvplbd\" target=\"_self\" data-iw=\"200\" data-ih=\"100\">Leer m\u00e1s<\/a><\/div><\/div><\/div><\/div>\n<div class=\"col-md-3 col-sm-4 col-xs-12 pt-cv-content-item pt-cv-1-col\"  data-pid=\"38280\"><div class='pt-cv-ifield'><a href=\"https:\/\/www.provenir.com\/es\/mas-alla-del-modelo-unico-como-construir-un-ecosistema-de-ia-que-realmente-escale-en-servicios-financieros\/\" class=\"_self pt-cv-href-thumbnail pt-cv-thumb-default pt-cv-thumb-wrapper cvplbd cvp-responsive-image img-rounded\" target=\"_self\" data-iw=\"200\" data-ih=\"100\"><img loading=\"lazy\" decoding=\"async\" width=\"1800\" height=\"942\" src=\"https:\/\/www.provenir.com\/es\/wp-content\/uploads\/sites\/5\/2026\/01\/260121-BLOG-AI-Campaign-FeatureIMG-ES.jpg\" class=\"pt-cv-thumbnail img-rounded skip-lazy \" alt=\"M\u00e1s all\u00e1 del modelo \u00fanico: c\u00f3mo construir un ecosistema de IA que realmente escale en servicios financieros\" \/><\/a>\n<h4 class=\"pt-cv-title\"><a href=\"https:\/\/www.provenir.com\/es\/mas-alla-del-modelo-unico-como-construir-un-ecosistema-de-ia-que-realmente-escale-en-servicios-financieros\/\" class=\"_self cvplbd\" target=\"_self\" data-iw=\"200\" data-ih=\"100\">M\u00e1s all\u00e1 del modelo ...<\/a><\/h4>\n<div class=\"pt-cv-content\">M\u00e1s all\u00e1 del modelo \u00fanico::c\u00f3mo construir un ecosistema de IA que realmente escale en servicios financieros La mayor\u00eda de los ...<br \/><div class=\"pt-cv-rmwrap\"><a href=\"https:\/\/www.provenir.com\/es\/mas-alla-del-modelo-unico-como-construir-un-ecosistema-de-ia-que-realmente-escale-en-servicios-financieros\/\" class=\"_self pt-cv-readmore btn btn-success cvplbd\" target=\"_self\" data-iw=\"200\" data-ih=\"100\">Leer m\u00e1s<\/a><\/div><\/div><\/div><\/div>\n<div class=\"col-md-3 col-sm-4 col-xs-12 pt-cv-content-item pt-cv-1-col\"  data-pid=\"38270\"><div class='pt-cv-ifield'><a href=\"https:\/\/www.provenir.com\/es\/mas-alla-del-score-crediticio-como-los-datos-alternativos-estan-abriendo-las-puertas-a-la-inclusion-financiera\/\" class=\"_self pt-cv-href-thumbnail pt-cv-thumb-default pt-cv-thumb-wrapper cvplbd cvp-responsive-image img-rounded\" target=\"_self\" data-iw=\"200\" data-ih=\"100\"><img loading=\"lazy\" decoding=\"async\" width=\"1536\" height=\"1024\" src=\"https:\/\/www.provenir.com\/es\/wp-content\/uploads\/sites\/5\/2026\/01\/Blog_ES_feature_text_only_6lines.png\" class=\"pt-cv-thumbnail img-rounded skip-lazy \" alt=\"M\u00e1s all\u00e1 del score crediticio: c\u00f3mo los datos alternativos est\u00e1n abriendo las puertas a la inclusi\u00f3n financiera.\" \/><\/a>\n<h4 class=\"pt-cv-title\"><a href=\"https:\/\/www.provenir.com\/es\/mas-alla-del-score-crediticio-como-los-datos-alternativos-estan-abriendo-las-puertas-a-la-inclusion-financiera\/\" class=\"_self cvplbd\" target=\"_self\" data-iw=\"200\" data-ih=\"100\">M\u00e1s all\u00e1 del score c...<\/a><\/h4>\n<div class=\"pt-cv-content\">M\u00e1s all\u00e1 del score crediticio:c\u00f3mo los datos alternativos est\u00e1n abriendo las puertas a la inclusi\u00f3n financiera. En los servicios financieros, ...<br \/><div class=\"pt-cv-rmwrap\"><a href=\"https:\/\/www.provenir.com\/es\/mas-alla-del-score-crediticio-como-los-datos-alternativos-estan-abriendo-las-puertas-a-la-inclusion-financiera\/\" class=\"_self pt-cv-readmore btn btn-success cvplbd\" target=\"_self\" data-iw=\"200\" data-ih=\"100\">Leer m\u00e1s<\/a><\/div><\/div><\/div><\/div>\n<div class=\"col-md-3 col-sm-4 col-xs-12 pt-cv-content-item pt-cv-1-col\"  data-pid=\"38210\"><div class='pt-cv-ifield'><a href=\"https:\/\/www.provenir.com\/es\/el-fraude-que-destruye-la-rentabilidad-el-impacto-oculto-del-fraude-en-los-margenes-de-las-telcos\/\" class=\"_self pt-cv-href-thumbnail pt-cv-thumb-default pt-cv-thumb-wrapper cvplbd cvp-responsive-image img-rounded\" target=\"_self\" data-iw=\"200\" data-ih=\"100\"><img loading=\"lazy\" decoding=\"async\" width=\"1800\" height=\"942\" src=\"https:\/\/www.provenir.com\/es\/wp-content\/uploads\/sites\/5\/2025\/10\/251024-BLOG-Margin-Eater-featureIMG-GL_ES-47419.jpg\" class=\"pt-cv-thumbnail img-rounded skip-lazy \" alt=\"El Fraude que Destruye la Rentabilidad El Impacto Oculto del Fraude en los M\u00e1rgenes de las Telcos\" \/><\/a>\n<h4 class=\"pt-cv-title\"><a href=\"https:\/\/www.provenir.com\/es\/el-fraude-que-destruye-la-rentabilidad-el-impacto-oculto-del-fraude-en-los-margenes-de-las-telcos\/\" class=\"_self cvplbd\" target=\"_self\" data-iw=\"200\" data-ih=\"100\">El Fraude que Destru...<\/a><\/h4>\n<div class=\"pt-cv-content\">El Fraude que Destruye la Rentabilidad El Impacto Oculto del Fraude en los M\u00e1rgenes de las Telcos En el competitivo ...<br \/><div class=\"pt-cv-rmwrap\"><a href=\"https:\/\/www.provenir.com\/es\/el-fraude-que-destruye-la-rentabilidad-el-impacto-oculto-del-fraude-en-los-margenes-de-las-telcos\/\" class=\"_self pt-cv-readmore btn btn-success cvplbd\" target=\"_self\" data-iw=\"200\" data-ih=\"100\">Leer m\u00e1s<\/a><\/div><\/div><\/div><\/div>\n<div class=\"col-md-3 col-sm-4 col-xs-12 pt-cv-content-item pt-cv-1-col\"  data-pid=\"38176\"><div class='pt-cv-ifield'><a href=\"https:\/\/www.provenir.com\/es\/fraude-de-primera-persona-el-costo-oculto-de-los-buenos-clientes\/\" class=\"_self pt-cv-href-thumbnail pt-cv-thumb-default pt-cv-thumb-wrapper cvplbd cvp-responsive-image img-rounded\" target=\"_self\" data-iw=\"200\" data-ih=\"100\"><img loading=\"lazy\" decoding=\"async\" width=\"1800\" height=\"941\" src=\"https:\/\/www.provenir.com\/es\/wp-content\/uploads\/sites\/5\/2025\/09\/BLOG-FPF-ES-Jason-feature.jpg\" class=\"pt-cv-thumbnail img-rounded skip-lazy \" alt=\"BLOG FPF - ES - Jason-feature\" \/><\/a>\n<h4 class=\"pt-cv-title\"><a href=\"https:\/\/www.provenir.com\/es\/fraude-de-primera-persona-el-costo-oculto-de-los-buenos-clientes\/\" class=\"_self cvplbd\" target=\"_self\" data-iw=\"200\" data-ih=\"100\">Fraude de Primera Pe...<\/a><\/h4>\n<div class=\"pt-cv-content\">BLOG Fraude de Primera Persona: El Riesgo Oculto Detr\u00e1s de los \u201cBuenos\u201d Clientes Revelando el Riesgo con un Enfoque Unificado ...<br \/><div class=\"pt-cv-rmwrap\"><a href=\"https:\/\/www.provenir.com\/es\/fraude-de-primera-persona-el-costo-oculto-de-los-buenos-clientes\/\" class=\"_self pt-cv-readmore btn btn-success cvplbd\" target=\"_self\" data-iw=\"200\" data-ih=\"100\">Leer m\u00e1s<\/a><\/div><\/div><\/div><\/div>\n<div class=\"col-md-3 col-sm-4 col-xs-12 pt-cv-content-item pt-cv-1-col\"  data-pid=\"38137\"><div class='pt-cv-ifield'><a href=\"https:\/\/www.provenir.com\/es\/liderazgo-con-proposito-mujeres-que-transforman-la-industria\/\" class=\"_self pt-cv-href-thumbnail pt-cv-thumb-default pt-cv-thumb-wrapper cvplbd cvp-responsive-image img-rounded\" target=\"_self\" data-iw=\"200\" data-ih=\"100\"><img loading=\"lazy\" decoding=\"async\" width=\"2400\" height=\"1256\" src=\"https:\/\/www.provenir.com\/es\/wp-content\/uploads\/sites\/5\/2025\/08\/250818-Women-Roundtable-FeatureIMG-1200x628-LAC_ES-46017.jpg\" class=\"pt-cv-thumbnail img-rounded skip-lazy \" alt=\"Women Roundtable\" \/><\/a>\n<h4 class=\"pt-cv-title\"><a href=\"https:\/\/www.provenir.com\/es\/liderazgo-con-proposito-mujeres-que-transforman-la-industria\/\" class=\"_self cvplbd\" target=\"_self\" data-iw=\"200\" data-ih=\"100\">Liderazgo con prop\u00f3s...<\/a><\/h4>\n<div class=\"pt-cv-content\">Liderazgo con prop\u00f3sito: Mujeres que transforman la industria Revive esta poderosa conversaci\u00f3n entre l\u00edderes del sector financiero y tecnol\u00f3gico. El ...<br \/><div class=\"pt-cv-rmwrap\"><a href=\"https:\/\/www.provenir.com\/es\/liderazgo-con-proposito-mujeres-que-transforman-la-industria\/\" class=\"_self pt-cv-readmore btn btn-success cvplbd\" target=\"_self\" data-iw=\"200\" data-ih=\"100\">Leer m\u00e1s<\/a><\/div><\/div><\/div><\/div><\/div><\/div>\n<div class=\"text-left pt-cv-pagination-wrapper\"><a href='https:\/\/www.provenir.com\/es\/wp-json\/wp\/v2\/posts\/37623\/?_page=2' onclick='event.preventDefault()' class=\"pt-cv-more btn btn-primary btn-sm\" data-totalpages=\"7\" data-nextpages=\"2\" data-sid=\"63f5fa85yq\" data-unid=\"\" data-isblock=\"\" data-postid=\"\">Cargar m\u00e1s <span class=\"caret\"><\/span><\/a><img loading=\"lazy\" decoding=\"async\" width=\"15\" height=\"15\" class=\"pt-cv-spinner\" alt=\"Loading...\" src=\"data:image\/gif;base64,R0lGODlhDwAPALMPAMrKygwMDJOTkz09PZWVla+vr3p6euTk5M7OzuXl5TMzMwAAAJmZmWZmZszMzP\/\/\/yH\/C05FVFNDQVBFMi4wAwEAAAAh+QQFCgAPACwAAAAADwAPAAAEQvDJaZaZOIcV8iQK8VRX4iTYoAwZ4iCYoAjZ4RxejhVNoT+mRGP4cyF4Pp0N98sBGIBMEMOotl6YZ3S61Bmbkm4mAgAh+QQFCgAPACwAAAAADQANAAAENPDJSRSZeA418itN8QiK8BiLITVsFiyBBIoYqnoewAD4xPw9iY4XLGYSjkQR4UAUD45DLwIAIfkEBQoADwAsAAAAAA8ACQAABC\/wyVlamTi3nSdgwFNdhEJgTJoNyoB9ISYoQmdjiZPcj7EYCAeCF1gEDo4Dz2eIAAAh+QQFCgAPACwCAAAADQANAAAEM\/DJBxiYeLKdX3IJZT1FU0iIg2RNKx3OkZVnZ98ToRD4MyiDnkAh6BkNC0MvsAj0kMpHBAAh+QQFCgAPACwGAAAACQAPAAAEMDC59KpFDll73HkAA2wVY5KgiK5b0RRoI6MuzG6EQqCDMlSGheEhUAgqgUUAFRySIgAh+QQFCgAPACwCAAIADQANAAAEM\/DJKZNLND\/kkKaHc3xk+QAMYDKsiaqmZCxGVjSFFCxB1vwy2oOgIDxuucxAMTAJFAJNBAAh+QQFCgAPACwAAAYADwAJAAAEMNAs86q1yaWwwv2Ig0jUZx3OYa4XoRAfwADXoAwfo1+CIjyFRuEho60aSNYlOPxEAAAh+QQFCgAPACwAAAIADQANAAAENPA9s4y8+IUVcqaWJ4qEQozSoAzoIyhCK2NFU2SJk0hNnyEOhKR2AzAAj4Pj4GE4W0bkJQIAOw==\" \/><div class=\"clear pt-cv-clear-pagination\"><\/div><\/div><\/div>\t\t\t<style type=\"text\/css\" id=\"pt-cv-inline-style-8af7384w3z\">#pt-cv-view-63f5fa85yq .pt-cv-content-item { padding-top: 20px !important; padding-right: 10px !important; padding-bottom: 0px !important; padding-left: 10px !important; }\n#pt-cv-view-63f5fa85yq  { margin-right: -10px !important; margin-left: -10px !important; }\n#pt-cv-view-63f5fa85yq  .pt-cv-ifield   { border-style: none !important; border-radius: 10px 10px 10px 10px !important; }\n#pt-cv-view-63f5fa85yq .pt-cv-title a, #pt-cv-view-63f5fa85yq  .panel-title { font-weight: 600 !important; }\n#pt-cv-view-63f5fa85yq  .pt-cv-title a:hover, #pt-cv-view-63f5fa85yq  .panel-title:hover   { font-weight: 600 !important; }\n#pt-cv-view-63f5fa85yq .pt-cv-content , #pt-cv-view-63f5fa85yq  .pt-cv-content *:not(.pt-cv-readmore):not(style):not(script) { font-size: 14px !important; line-height: 1.3 !important; }\n#pt-cv-view-63f5fa85yq .pt-cv-readmore  { color: #ffffff !important; background-color: #200644 !important; border-width: 1px 1px 1px 1px !important; border-style: solid !important; border-color: rgba(32,6,68,0.85) !important; padding: 10px 20px 10px 20px !important; }\n#pt-cv-view-63f5fa85yq .pt-cv-readmore:hover  { color: #ffffff !important; background-color: rgba(32,6,68,0.87) !important; }\n#pt-cv-view-63f5fa85yq  + .pt-cv-pagination-wrapper .pt-cv-more , #pt-cv-view-63f5fa85yq  + .pt-cv-pagination-wrapper .pagination .active a, .pt-cv-pagination[data-sid='63f5fa85yq'] .active a { color: #ffffff !important; background-color: #00aeef !important; }\n.cvp-live-filter[data-sid='63f5fa85yq'] .cvp-label   { color: #200644 !important; background-color: #00e3d3 !important; padding: 5px 10px !important; margin-bottom: 5px !important; }\n.cvp-live-filter[data-sid='63f5fa85yq'] input[type='text'], .cvp-live-filter[data-sid='63f5fa85yq'] div > label, .cvp-live-filter[data-sid='63f5fa85yq'] select, .cvp-live-filter[data-sid='63f5fa85yq'] .irs-from, .cvp-live-filter[data-sid='63f5fa85yq'] .irs-to   { font-size: 16px !important; line-height: 1.3 !important; color: #ffffff !important; background-color: #200644 !important; }\n.cvp-live-submit   { font-size: 14px !important; line-height: 1.3 !important; color: #200644 !important; background-color: #00e3d3 !important; }\n.cvp-live-reset   { font-size: 16px !important; line-height: 1.3 !important; color: #c7d4fc !important; background-color: rgba(160,160,160,0) !important; }\n#pt-cv-view-63f5fa85yq .img-rounded, #pt-cv-view-63f5fa85yq .pt-cv-hover-wrapper { -webkit-border-radius: 10px !important; -moz-border-radius: 10px !important; border-radius: 10px !important; }\n#pt-cv-view-63f5fa85yq .pt-cv-cap-w-img { border-bottom-left-radius: 10px !important; border-bottom-right-radius: 10px !important; }\n#pt-cv-view-63f5fa85yq .cvp-responsive-image[style*=\"background-image\"] { width: 200px; max-height: 100px; overflow: hidden; aspect-ratio: 2 }\n#pt-cv-view-63f5fa85yq .cvp-responsive-image img { max-width: 200px; max-height: 100px; aspect-ratio: 2 }<\/style>\r\n\t\t\t<\/div>\n<p><!--more--><br \/>\n<!-- {\"type\":\"layout\",\"children\":[{\"type\":\"section\",\"props\":{\"animation\":\"slide-bottom-small\",\"header_transparent\":true,\"header_transparent_noplaceholder\":true,\"header_transparent_text_color\":\"light\",\"image_position\":\"bottom-center\",\"image_size\":\"cover\",\"media_background\":\"#120226\",\"padding_bottom\":\"none\",\"padding_top\":\"xlarge\",\"style\":\"default\",\"title_breakpoint\":\"xl\",\"title_position\":\"top-left\",\"title_rotation\":\"left\",\"vertical_align\":\"\",\"width\":\"default\"},\"children\":[{\"type\":\"row\",\"children\":[{\"type\":\"column\",\"props\":{\"image_position\":\"center-center\",\"position_sticky_breakpoint\":\"m\"},\"children\":[{\"type\":\"headline\",\"props\":{\"class\":\"uk-text-uppercase\",\"image_align\":\"left\",\"image_margin\":\"xsmall\",\"margin_bottom\":\"remove\",\"margin_top\":\"medium\",\"text_align\":\"center\",\"title_color\":\"warning\",\"title_element\":\"h6\",\"title_style\":\"h2\"},\"source\":{\"query\":{\"name\":\"posts.singlePost\",\"field\":{\"name\":\"resources\",\"directives\":[{\"name\":\"slice\",\"arguments\":{\"offset\":0}}]}},\"props\":{\"content\":{\"filters\":{\"search\":\"\"},\"name\":\"name\"}}},\"name\":\"Resource head line - AUTO POPULATED\"},{\"type\":\"headline\",\"props\":{\"content\":\"Provenir designa a su nuevo vicepresidente ejecutivo y gerente general para liderar su expansi\u00f3n en Am\u00e9rica Latina\",\"image_align\":\"left\",\"image_margin\":\"xsmall\",\"margin_bottom\":\"medium\",\"margin_top\":\"remove\",\"text_align\":\"center\",\"title_element\":\"h1\",\"title_style\":\"heading-small\"}}]}]}],\"name\":\"hero section\"},{\"type\":\"section\",\"props\":{\"image_position\":\"center-center\",\"style\":\"secondary\",\"title_breakpoint\":\"xl\",\"title_position\":\"top-left\",\"title_rotation\":\"left\",\"vertical_align\":\"\",\"width\":\"default\"},\"children\":[{\"type\":\"row\",\"props\":{\"layout\":\"2-3,1-3\",\"margin_bottom\":\"default\",\"margin_top\":\"default\"},\"children\":[{\"type\":\"column\",\"props\":{\"image_position\":\"center-center\",\"position_sticky_breakpoint\":\"m\",\"width_medium\":\"2-3\"},\"children\":[{\"type\":\"text\",\"props\":{\"column_breakpoint\":\"m\",\"content\":\"\n\n<p><em>The appointment reinforces Provenir\u2019s commitment to support financial institutions in simplifying their risk decisioning and driving innovative products to market faster<\/em>\n\n<strong>PARSIPPANY, NJ<\/strong>\u2013Sept. 1, 2021 \u2013 Provenir, a global leader in data analytics software and risk decisioning, has appointed Jos\u00e9 Luis Vargas-Favero as its new executive vice president and general manager for Latin America. In his new role, Vargas-Favero will be responsible for leading Provenir's ambitious expansion plans to triple its footprint in the region by the end of 2021.<\/p>\n\n\\n\n\n<p>Vargas-Favero brings more than 25 years of financial services experience in management, sales, business development, consulting, data analytics, decision management technology, digital transformation and risk management to Provenir. Prior to joining Provenir, he held several global senior leadership roles at FICO.<\/p>\n\n\\n\n\n<p>\u201cJos\u00e9\u2019s deep industry knowledge and global experience will be invaluable as we seek to become the leading trusted risk decisioning partner across Latin America,\u201d said Larry Smith, founder and CEO of Provenir. \u201cWe see tremendous opportunity to help financial institutions in the region provide a superior and more inclusive customer experience by providing them with access to alternative types of data to assess risk and make smarter decisions.\u201d<\/p>\n\n\\n\n\n<p>Latin America is producing a large and rapidly growing number of innovative and disruptive fintechs, which are raising record amounts of investment as they seize the opportunity to provide a superior and more responsive customer experience to a region with a population of more than 650 million and a combined economy of over 5 trillion USD. According to estimates, more than 70% of adults in the region have a smartphone yet only 30% have a banking relationship. Under Vargas-Favero\u2019s leadership, Provenir will enhance its ability to support financial and non-financial institutions in providing better credit options to this unbanked population through alternative data powered technology.<\/p>\n\n\\n\n\n<p>\u201cI am honored to join a company that shares my passion for using data, analytics and decisioning technology to improve the financial services landscape for all, and to contribute to eliminating financial exclusion for the vast population of underserved and unbanked individuals in the region,\u201d said Vargas-Favero. \u201cProvenir has distinguished itself as a global leader in risk decisioning processes with its amazing cloud-native technology, and I am excited to join at this pivotal time to help accelerate the company\u2019s existing growth trajectory.\u201d<\/p>\n\n\\n\n\n<p>The company is actively recruiting talent to expand the team in the region and is establishing alliances with local data partners to continue developing the Provenir Marketplace and better service the region.<\/p>\n\n\\n\n\n<p>Connect with Jose on <a href=\\\"https:\/\/www.linkedin.com\/in\/joseluisvargasfavero\/\\\">Linkedin!<\/a><\/p>\n\n\",\"margin_bottom\":\"default\",\"margin_top\":\"remove\"}}]},{\"type\":\"column\",\"props\":{\"image_position\":\"center-center\",\"padding\":\"small\",\"position_sticky\":\"row\",\"position_sticky_breakpoint\":\"m\",\"position_sticky_offset\":\"100\",\"style\":\"card-default\",\"width_medium\":\"1-3\"},\"children\":[{\"type\":\"headline\",\"props\":{\"content\":\"<a href=\\\"http:\/\/provenir.com\/blog\/10-fintechs-that-are-transforming-sme-lending\/\\\">10 Fintechs that are Transforming SME Lending<\/a>\",\"image_align\":\"left\",\"image_margin\":\"xsmall\",\"margin_bottom\":\"remove\",\"margin_top\":\"default\",\"text_align\":\"center\",\"title_color\":\"warning\",\"title_element\":\"div\",\"title_style\":\"h3\"}},{\"type\":\"button\",\"props\":{\"button_size\":\"small\",\"grid_column_gap\":\"small\",\"grid_row_gap\":\"small\",\"margin_bottom\":\"default\",\"margin_top\":\"default\",\"text_align\":\"center\"},\"children\":[{\"type\":\"button_item\",\"props\":{\"button_style\":\"default\",\"content\":\"Read the blog\",\"dialog_layout\":\"modal\",\"dialog_offcanvas_flip\":true,\"icon_align\":\"left\",\"link\":\"\/es\/diez-fintechs-que-estan-transformando-los-prestamos-a-las-pymes\/\"}}]}]}]}],\"name\":\"content section\"},{\"type\":\"section\",\"props\":{\"image_position\":\"center-center\",\"style\":\"default\",\"title_breakpoint\":\"xl\",\"title_position\":\"top-left\",\"title_rotation\":\"left\",\"vertical_align\":\"middle\",\"width\":\"default\"},\"children\":[{\"type\":\"row\",\"children\":[{\"type\":\"column\",\"props\":{\"image_position\":\"center-center\",\"position_sticky_breakpoint\":\"m\"},\"children\":[{\"type\":\"headline\",\"props\":{\"content\":\"ADDITIONAL RESOURCES\",\"image_align\":\"left\",\"image_margin\":\"xsmall\",\"title_color\":\"background\",\"title_decoration\":\"line\",\"title_element\":\"h3\",\"title_style\":\"text-large\"},\"name\":\"RESOURCE LIBRARY\"},{\"type\":\"html\",\"props\":{\"content\":\"[pt_view id=\\\"63f5fa85yq\\\"]\"},\"name\":\"resource library filter\"}]}]}],\"name\":\"Block - Resource Libraries\"}],\"version\":\"5.0.25\",\"yooessentialsVersion\":\"3.0.2\"} --><\/p>\n","protected":false},"excerpt":{"rendered":"<p>Provenir, l\u00edder global en software de an\u00e1lisis de datos y decisiones de riesgo, ha designado a Jos\u00e9 Luis Vargas-Favero como vicepresidente ejecutivo y gerente general para Am\u00e9rica Latina. Vargas-Favero estar\u00e1 a cargo de impulsar los ambiciosos planes de expansi\u00f3n de Provenir en la regi\u00f3n, con el objetivo de triplicar su presencia para finales de 2021.<\/p>\n","protected":false},"author":14,"featured_media":37625,"comment_status":"open","ping_status":"open","sticky":false,"template":"","format":"standard","meta":{"_acf_changed":false,"footnotes":""},"categories":[6],"tags":[],"industry":[34],"language":[41],"mktplace-data-type":[],"mktplace-region":[],"mktplace-use-case":[],"resource":[83],"class_list":["post-37623","post","type-post","status-publish","format-standard","has-post-thumbnail","hentry","category-noticias","industry-provenir","language-spanish","resource-noticias"],"acf":[],"yoast_head":"<!-- This site is optimized with the Yoast SEO Premium plugin v27.4 (Yoast SEO v27.4) - https:\/\/yoast.com\/product\/yoast-seo-premium-wordpress\/ -->\n<title>Provenir designa a su nuevo vicepresidente en Am\u00e9rica Latina<\/title>\n<meta name=\"description\" content=\"Provenir designa a Jos\u00e9 Luis Vargas\u2011Favero como Vicepresidente Ejecutivo y Gerente General para Am\u00e9rica Latina, liderando su expansi\u00f3n regional.\" \/>\n<meta name=\"robots\" content=\"index, follow, max-snippet:-1, max-image-preview:large, max-video-preview:-1\" \/>\n<link rel=\"canonical\" href=\"https:\/\/www.provenir.com\/es\/provenir-designa-a-su-nuevo-vicepresidente-ejecutivo-y-gerente-general-para-liderar-su-expansion-en-america-latina\/\" \/>\n<meta property=\"og:locale\" content=\"es_ES\" \/>\n<meta property=\"og:type\" content=\"article\" \/>\n<meta property=\"og:title\" content=\"Provenir designa a su nuevo vicepresidente ejecutivo y gerente general para liderar su expansi\u00f3n en Am\u00e9rica Latina\" \/>\n<meta property=\"og:description\" content=\"Provenir designa a Jos\u00e9 Luis Vargas\u2011Favero como Vicepresidente Ejecutivo y Gerente General para Am\u00e9rica Latina, liderando su expansi\u00f3n regional.\" \/>\n<meta property=\"og:url\" content=\"https:\/\/www.provenir.com\/es\/provenir-designa-a-su-nuevo-vicepresidente-ejecutivo-y-gerente-general-para-liderar-su-expansion-en-america-latina\/\" \/>\n<meta property=\"og:site_name\" content=\"Provenir-ES\" \/>\n<meta property=\"article:published_time\" content=\"2021-09-01T03:53:16+00:00\" \/>\n<meta property=\"article:modified_time\" content=\"2026-03-30T08:59:51+00:00\" \/>\n<meta property=\"og:image\" content=\"https:\/\/www.provenir.com\/es\/wp-content\/uploads\/sites\/5\/2024\/08\/Provenir_Jose_GM_Announcement_web_banner_SP-768x296-1.png\" \/>\n\t<meta property=\"og:image:width\" content=\"768\" \/>\n\t<meta property=\"og:image:height\" content=\"296\" \/>\n\t<meta property=\"og:image:type\" content=\"image\/png\" \/>\n<meta name=\"author\" content=\"Alejandra Ramos\" \/>\n<meta name=\"twitter:card\" content=\"summary_large_image\" \/>\n<meta name=\"twitter:label1\" content=\"Written by\" \/>\n\t<meta name=\"twitter:data1\" content=\"Alejandra Ramos\" \/>\n\t<meta name=\"twitter:label2\" content=\"Est. reading time\" \/>\n\t<meta name=\"twitter:data2\" content=\"3 minutos\" \/>\n<script type=\"application\/ld+json\" class=\"yoast-schema-graph\">{\"@context\":\"https:\\\/\\\/schema.org\",\"@graph\":[{\"@type\":\"Article\",\"@id\":\"https:\\\/\\\/www.provenir.com\\\/es\\\/provenir-designa-a-su-nuevo-vicepresidente-ejecutivo-y-gerente-general-para-liderar-su-expansion-en-america-latina\\\/#article\",\"isPartOf\":{\"@id\":\"https:\\\/\\\/www.provenir.com\\\/es\\\/provenir-designa-a-su-nuevo-vicepresidente-ejecutivo-y-gerente-general-para-liderar-su-expansion-en-america-latina\\\/\"},\"author\":{\"name\":\"Alejandra Ramos\",\"@id\":\"https:\\\/\\\/www.provenir.com\\\/es\\\/#\\\/schema\\\/person\\\/c2b16f625625df9dc9b8d3977b7f70d9\"},\"headline\":\"Provenir designa a su nuevo vicepresidente ejecutivo y gerente general para liderar su expansi\u00f3n en Am\u00e9rica Latina\",\"datePublished\":\"2021-09-01T03:53:16+00:00\",\"dateModified\":\"2026-03-30T08:59:51+00:00\",\"mainEntityOfPage\":{\"@id\":\"https:\\\/\\\/www.provenir.com\\\/es\\\/provenir-designa-a-su-nuevo-vicepresidente-ejecutivo-y-gerente-general-para-liderar-su-expansion-en-america-latina\\\/\"},\"wordCount\":465,\"commentCount\":0,\"image\":{\"@id\":\"https:\\\/\\\/www.provenir.com\\\/es\\\/provenir-designa-a-su-nuevo-vicepresidente-ejecutivo-y-gerente-general-para-liderar-su-expansion-en-america-latina\\\/#primaryimage\"},\"thumbnailUrl\":\"https:\\\/\\\/www.provenir.com\\\/es\\\/wp-content\\\/uploads\\\/sites\\\/5\\\/2024\\\/08\\\/Provenir_Jose_GM_Announcement_web_banner_SP-768x296-1.png\",\"articleSection\":[\"Noticias\"],\"inLanguage\":\"es\",\"potentialAction\":[{\"@type\":\"CommentAction\",\"name\":\"Comment\",\"target\":[\"https:\\\/\\\/www.provenir.com\\\/es\\\/provenir-designa-a-su-nuevo-vicepresidente-ejecutivo-y-gerente-general-para-liderar-su-expansion-en-america-latina\\\/#respond\"]}]},{\"@type\":\"WebPage\",\"@id\":\"https:\\\/\\\/www.provenir.com\\\/es\\\/provenir-designa-a-su-nuevo-vicepresidente-ejecutivo-y-gerente-general-para-liderar-su-expansion-en-america-latina\\\/\",\"url\":\"https:\\\/\\\/www.provenir.com\\\/es\\\/provenir-designa-a-su-nuevo-vicepresidente-ejecutivo-y-gerente-general-para-liderar-su-expansion-en-america-latina\\\/\",\"name\":\"Provenir designa a su nuevo vicepresidente en Am\u00e9rica Latina\",\"isPartOf\":{\"@id\":\"https:\\\/\\\/www.provenir.com\\\/es\\\/#website\"},\"primaryImageOfPage\":{\"@id\":\"https:\\\/\\\/www.provenir.com\\\/es\\\/provenir-designa-a-su-nuevo-vicepresidente-ejecutivo-y-gerente-general-para-liderar-su-expansion-en-america-latina\\\/#primaryimage\"},\"image\":{\"@id\":\"https:\\\/\\\/www.provenir.com\\\/es\\\/provenir-designa-a-su-nuevo-vicepresidente-ejecutivo-y-gerente-general-para-liderar-su-expansion-en-america-latina\\\/#primaryimage\"},\"thumbnailUrl\":\"https:\\\/\\\/www.provenir.com\\\/es\\\/wp-content\\\/uploads\\\/sites\\\/5\\\/2024\\\/08\\\/Provenir_Jose_GM_Announcement_web_banner_SP-768x296-1.png\",\"datePublished\":\"2021-09-01T03:53:16+00:00\",\"dateModified\":\"2026-03-30T08:59:51+00:00\",\"author\":{\"@id\":\"https:\\\/\\\/www.provenir.com\\\/es\\\/#\\\/schema\\\/person\\\/c2b16f625625df9dc9b8d3977b7f70d9\"},\"description\":\"Provenir designa a Jos\u00e9 Luis Vargas\u2011Favero como Vicepresidente Ejecutivo y Gerente General para Am\u00e9rica Latina, liderando su expansi\u00f3n regional.\",\"breadcrumb\":{\"@id\":\"https:\\\/\\\/www.provenir.com\\\/es\\\/provenir-designa-a-su-nuevo-vicepresidente-ejecutivo-y-gerente-general-para-liderar-su-expansion-en-america-latina\\\/#breadcrumb\"},\"inLanguage\":\"es\",\"potentialAction\":[{\"@type\":\"ReadAction\",\"target\":[\"https:\\\/\\\/www.provenir.com\\\/es\\\/provenir-designa-a-su-nuevo-vicepresidente-ejecutivo-y-gerente-general-para-liderar-su-expansion-en-america-latina\\\/\"]}]},{\"@type\":\"ImageObject\",\"inLanguage\":\"es\",\"@id\":\"https:\\\/\\\/www.provenir.com\\\/es\\\/provenir-designa-a-su-nuevo-vicepresidente-ejecutivo-y-gerente-general-para-liderar-su-expansion-en-america-latina\\\/#primaryimage\",\"url\":\"https:\\\/\\\/www.provenir.com\\\/es\\\/wp-content\\\/uploads\\\/sites\\\/5\\\/2024\\\/08\\\/Provenir_Jose_GM_Announcement_web_banner_SP-768x296-1.png\",\"contentUrl\":\"https:\\\/\\\/www.provenir.com\\\/es\\\/wp-content\\\/uploads\\\/sites\\\/5\\\/2024\\\/08\\\/Provenir_Jose_GM_Announcement_web_banner_SP-768x296-1.png\",\"width\":768,\"height\":296},{\"@type\":\"BreadcrumbList\",\"@id\":\"https:\\\/\\\/www.provenir.com\\\/es\\\/provenir-designa-a-su-nuevo-vicepresidente-ejecutivo-y-gerente-general-para-liderar-su-expansion-en-america-latina\\\/#breadcrumb\",\"itemListElement\":[{\"@type\":\"ListItem\",\"position\":1,\"name\":\"Home\",\"item\":\"https:\\\/\\\/www.provenir.com\\\/es\\\/\"},{\"@type\":\"ListItem\",\"position\":2,\"name\":\"Provenir designa a su nuevo vicepresidente ejecutivo y gerente general para liderar su expansi\u00f3n en Am\u00e9rica Latina\"}]},{\"@type\":\"WebSite\",\"@id\":\"https:\\\/\\\/www.provenir.com\\\/es\\\/#website\",\"url\":\"https:\\\/\\\/www.provenir.com\\\/es\\\/\",\"name\":\"Provenir-ES\",\"description\":\"Toma de decisiones sobre riesgo crediticio impulsada por IA\",\"potentialAction\":[{\"@type\":\"SearchAction\",\"target\":{\"@type\":\"EntryPoint\",\"urlTemplate\":\"https:\\\/\\\/www.provenir.com\\\/es\\\/?s={search_term_string}\"},\"query-input\":{\"@type\":\"PropertyValueSpecification\",\"valueRequired\":true,\"valueName\":\"search_term_string\"}}],\"inLanguage\":\"es\"},{\"@type\":\"Person\",\"@id\":\"https:\\\/\\\/www.provenir.com\\\/es\\\/#\\\/schema\\\/person\\\/c2b16f625625df9dc9b8d3977b7f70d9\",\"name\":\"Alejandra Ramos\",\"image\":{\"@type\":\"ImageObject\",\"inLanguage\":\"es\",\"@id\":\"https:\\\/\\\/www.provenir.com\\\/spanish\\\/wp-content\\\/uploads\\\/sites\\\/5\\\/2024\\\/11\\\/Ale-96x96.jpg\",\"url\":\"https:\\\/\\\/www.provenir.com\\\/spanish\\\/wp-content\\\/uploads\\\/sites\\\/5\\\/2024\\\/11\\\/Ale-96x96.jpg\",\"contentUrl\":\"https:\\\/\\\/www.provenir.com\\\/spanish\\\/wp-content\\\/uploads\\\/sites\\\/5\\\/2024\\\/11\\\/Ale-96x96.jpg\",\"caption\":\"Alejandra Ramos\"},\"url\":\"https:\\\/\\\/www.provenir.com\\\/es\\\/author\\\/alejandra\\\/\"}]}<\/script>\n<!-- \/ Yoast SEO Premium plugin. -->","yoast_head_json":{"title":"Provenir designa a su nuevo vicepresidente en Am\u00e9rica Latina","description":"Provenir designa a Jos\u00e9 Luis Vargas\u2011Favero como Vicepresidente Ejecutivo y Gerente General para Am\u00e9rica Latina, liderando su expansi\u00f3n regional.","robots":{"index":"index","follow":"follow","max-snippet":"max-snippet:-1","max-image-preview":"max-image-preview:large","max-video-preview":"max-video-preview:-1"},"canonical":"https:\/\/www.provenir.com\/es\/provenir-designa-a-su-nuevo-vicepresidente-ejecutivo-y-gerente-general-para-liderar-su-expansion-en-america-latina\/","og_locale":"es_ES","og_type":"article","og_title":"Provenir designa a su nuevo vicepresidente ejecutivo y gerente general para liderar su expansi\u00f3n en Am\u00e9rica Latina","og_description":"Provenir designa a Jos\u00e9 Luis Vargas\u2011Favero como Vicepresidente Ejecutivo y Gerente General para Am\u00e9rica Latina, liderando su expansi\u00f3n regional.","og_url":"https:\/\/www.provenir.com\/es\/provenir-designa-a-su-nuevo-vicepresidente-ejecutivo-y-gerente-general-para-liderar-su-expansion-en-america-latina\/","og_site_name":"Provenir-ES","article_published_time":"2021-09-01T03:53:16+00:00","article_modified_time":"2026-03-30T08:59:51+00:00","og_image":[{"width":768,"height":296,"url":"https:\/\/www.provenir.com\/es\/wp-content\/uploads\/sites\/5\/2024\/08\/Provenir_Jose_GM_Announcement_web_banner_SP-768x296-1.png","type":"image\/png"}],"author":"Alejandra Ramos","twitter_card":"summary_large_image","twitter_misc":{"Written by":"Alejandra Ramos","Est. reading time":"3 minutos"},"schema":{"@context":"https:\/\/schema.org","@graph":[{"@type":"Article","@id":"https:\/\/www.provenir.com\/es\/provenir-designa-a-su-nuevo-vicepresidente-ejecutivo-y-gerente-general-para-liderar-su-expansion-en-america-latina\/#article","isPartOf":{"@id":"https:\/\/www.provenir.com\/es\/provenir-designa-a-su-nuevo-vicepresidente-ejecutivo-y-gerente-general-para-liderar-su-expansion-en-america-latina\/"},"author":{"name":"Alejandra Ramos","@id":"https:\/\/www.provenir.com\/es\/#\/schema\/person\/c2b16f625625df9dc9b8d3977b7f70d9"},"headline":"Provenir designa a su nuevo vicepresidente ejecutivo y gerente general para liderar su expansi\u00f3n en Am\u00e9rica Latina","datePublished":"2021-09-01T03:53:16+00:00","dateModified":"2026-03-30T08:59:51+00:00","mainEntityOfPage":{"@id":"https:\/\/www.provenir.com\/es\/provenir-designa-a-su-nuevo-vicepresidente-ejecutivo-y-gerente-general-para-liderar-su-expansion-en-america-latina\/"},"wordCount":465,"commentCount":0,"image":{"@id":"https:\/\/www.provenir.com\/es\/provenir-designa-a-su-nuevo-vicepresidente-ejecutivo-y-gerente-general-para-liderar-su-expansion-en-america-latina\/#primaryimage"},"thumbnailUrl":"https:\/\/www.provenir.com\/es\/wp-content\/uploads\/sites\/5\/2024\/08\/Provenir_Jose_GM_Announcement_web_banner_SP-768x296-1.png","articleSection":["Noticias"],"inLanguage":"es","potentialAction":[{"@type":"CommentAction","name":"Comment","target":["https:\/\/www.provenir.com\/es\/provenir-designa-a-su-nuevo-vicepresidente-ejecutivo-y-gerente-general-para-liderar-su-expansion-en-america-latina\/#respond"]}]},{"@type":"WebPage","@id":"https:\/\/www.provenir.com\/es\/provenir-designa-a-su-nuevo-vicepresidente-ejecutivo-y-gerente-general-para-liderar-su-expansion-en-america-latina\/","url":"https:\/\/www.provenir.com\/es\/provenir-designa-a-su-nuevo-vicepresidente-ejecutivo-y-gerente-general-para-liderar-su-expansion-en-america-latina\/","name":"Provenir designa a su nuevo vicepresidente en Am\u00e9rica Latina","isPartOf":{"@id":"https:\/\/www.provenir.com\/es\/#website"},"primaryImageOfPage":{"@id":"https:\/\/www.provenir.com\/es\/provenir-designa-a-su-nuevo-vicepresidente-ejecutivo-y-gerente-general-para-liderar-su-expansion-en-america-latina\/#primaryimage"},"image":{"@id":"https:\/\/www.provenir.com\/es\/provenir-designa-a-su-nuevo-vicepresidente-ejecutivo-y-gerente-general-para-liderar-su-expansion-en-america-latina\/#primaryimage"},"thumbnailUrl":"https:\/\/www.provenir.com\/es\/wp-content\/uploads\/sites\/5\/2024\/08\/Provenir_Jose_GM_Announcement_web_banner_SP-768x296-1.png","datePublished":"2021-09-01T03:53:16+00:00","dateModified":"2026-03-30T08:59:51+00:00","author":{"@id":"https:\/\/www.provenir.com\/es\/#\/schema\/person\/c2b16f625625df9dc9b8d3977b7f70d9"},"description":"Provenir designa a Jos\u00e9 Luis Vargas\u2011Favero como Vicepresidente Ejecutivo y Gerente General para Am\u00e9rica Latina, liderando su expansi\u00f3n regional.","breadcrumb":{"@id":"https:\/\/www.provenir.com\/es\/provenir-designa-a-su-nuevo-vicepresidente-ejecutivo-y-gerente-general-para-liderar-su-expansion-en-america-latina\/#breadcrumb"},"inLanguage":"es","potentialAction":[{"@type":"ReadAction","target":["https:\/\/www.provenir.com\/es\/provenir-designa-a-su-nuevo-vicepresidente-ejecutivo-y-gerente-general-para-liderar-su-expansion-en-america-latina\/"]}]},{"@type":"ImageObject","inLanguage":"es","@id":"https:\/\/www.provenir.com\/es\/provenir-designa-a-su-nuevo-vicepresidente-ejecutivo-y-gerente-general-para-liderar-su-expansion-en-america-latina\/#primaryimage","url":"https:\/\/www.provenir.com\/es\/wp-content\/uploads\/sites\/5\/2024\/08\/Provenir_Jose_GM_Announcement_web_banner_SP-768x296-1.png","contentUrl":"https:\/\/www.provenir.com\/es\/wp-content\/uploads\/sites\/5\/2024\/08\/Provenir_Jose_GM_Announcement_web_banner_SP-768x296-1.png","width":768,"height":296},{"@type":"BreadcrumbList","@id":"https:\/\/www.provenir.com\/es\/provenir-designa-a-su-nuevo-vicepresidente-ejecutivo-y-gerente-general-para-liderar-su-expansion-en-america-latina\/#breadcrumb","itemListElement":[{"@type":"ListItem","position":1,"name":"Home","item":"https:\/\/www.provenir.com\/es\/"},{"@type":"ListItem","position":2,"name":"Provenir designa a su nuevo vicepresidente ejecutivo y gerente general para liderar su expansi\u00f3n en Am\u00e9rica Latina"}]},{"@type":"WebSite","@id":"https:\/\/www.provenir.com\/es\/#website","url":"https:\/\/www.provenir.com\/es\/","name":"Provenir-ES","description":"Toma de decisiones sobre riesgo crediticio impulsada por IA","potentialAction":[{"@type":"SearchAction","target":{"@type":"EntryPoint","urlTemplate":"https:\/\/www.provenir.com\/es\/?s={search_term_string}"},"query-input":{"@type":"PropertyValueSpecification","valueRequired":true,"valueName":"search_term_string"}}],"inLanguage":"es"},{"@type":"Person","@id":"https:\/\/www.provenir.com\/es\/#\/schema\/person\/c2b16f625625df9dc9b8d3977b7f70d9","name":"Alejandra Ramos","image":{"@type":"ImageObject","inLanguage":"es","@id":"https:\/\/www.provenir.com\/spanish\/wp-content\/uploads\/sites\/5\/2024\/11\/Ale-96x96.jpg","url":"https:\/\/www.provenir.com\/spanish\/wp-content\/uploads\/sites\/5\/2024\/11\/Ale-96x96.jpg","contentUrl":"https:\/\/www.provenir.com\/spanish\/wp-content\/uploads\/sites\/5\/2024\/11\/Ale-96x96.jpg","caption":"Alejandra Ramos"},"url":"https:\/\/www.provenir.com\/es\/author\/alejandra\/"}]}},"_links":{"self":[{"href":"https:\/\/www.provenir.com\/es\/wp-json\/wp\/v2\/posts\/37623","targetHints":{"allow":["GET"]}}],"collection":[{"href":"https:\/\/www.provenir.com\/es\/wp-json\/wp\/v2\/posts"}],"about":[{"href":"https:\/\/www.provenir.com\/es\/wp-json\/wp\/v2\/types\/post"}],"author":[{"embeddable":true,"href":"https:\/\/www.provenir.com\/es\/wp-json\/wp\/v2\/users\/14"}],"replies":[{"embeddable":true,"href":"https:\/\/www.provenir.com\/es\/wp-json\/wp\/v2\/comments?post=37623"}],"version-history":[{"count":0,"href":"https:\/\/www.provenir.com\/es\/wp-json\/wp\/v2\/posts\/37623\/revisions"}],"wp:featuredmedia":[{"embeddable":true,"href":"https:\/\/www.provenir.com\/es\/wp-json\/wp\/v2\/media\/37625"}],"wp:attachment":[{"href":"https:\/\/www.provenir.com\/es\/wp-json\/wp\/v2\/media?parent=37623"}],"wp:term":[{"taxonomy":"category","embeddable":true,"href":"https:\/\/www.provenir.com\/es\/wp-json\/wp\/v2\/categories?post=37623"},{"taxonomy":"post_tag","embeddable":true,"href":"https:\/\/www.provenir.com\/es\/wp-json\/wp\/v2\/tags?post=37623"},{"taxonomy":"industry","embeddable":true,"href":"https:\/\/www.provenir.com\/es\/wp-json\/wp\/v2\/industry?post=37623"},{"taxonomy":"language","embeddable":true,"href":"https:\/\/www.provenir.com\/es\/wp-json\/wp\/v2\/language?post=37623"},{"taxonomy":"mktplace-data-type","embeddable":true,"href":"https:\/\/www.provenir.com\/es\/wp-json\/wp\/v2\/mktplace-data-type?post=37623"},{"taxonomy":"mktplace-region","embeddable":true,"href":"https:\/\/www.provenir.com\/es\/wp-json\/wp\/v2\/mktplace-region?post=37623"},{"taxonomy":"mktplace-use-case","embeddable":true,"href":"https:\/\/www.provenir.com\/es\/wp-json\/wp\/v2\/mktplace-use-case?post=37623"},{"taxonomy":"resource","embeddable":true,"href":"https:\/\/www.provenir.com\/es\/wp-json\/wp\/v2\/resource?post=37623"}],"curies":[{"name":"wp","href":"https:\/\/api.w.org\/{rel}","templated":true}]}}