{"id":880,"date":"2021-09-01T15:35:15","date_gmt":"2021-09-01T15:35:15","guid":{"rendered":"https:\/\/www.provenir.com\/portuguese\/?p=880"},"modified":"2026-04-01T09:19:25","modified_gmt":"2026-04-01T09:19:25","slug":"provenir-nomeia-novo-vice-presidente-executivo-e-gerente-geral-para-comandar-expansao-na-america-latina","status":"publish","type":"post","link":"https:\/\/www.provenir.com\/pt\/provenir-nomeia-novo-vice-presidente-executivo-e-gerente-geral-para-comandar-expansao-na-america-latina\/","title":{"rendered":"Provenir Nomeia Novo Vice-Presidente Executivo e Gerente Geral para Comandar Expans\u00e3o na Am\u00e9rica Latina"},"content":{"rendered":"<h1>Provenir Nomeia Novo Vice-Presidente Executivo e Gerente Geral para Comandar Expans\u00e3o na Am\u00e9rica Latina<\/h1>\n<ul>\n<li>\n<\/li>\n<li>\n<\/li>\n<\/ul>\n<div>\n<p>The appointment reinforces Provenir\u2019s commitment to support financial institutions in simplifying their risk decisioning and driving innovative products to market faster<\/p>\n<p>PARSIPPANY, NJ\u2013Sept. 1, 2021 \u2013 Provenir, a global leader in data analytics software and risk decisioning, has appointed Jos\u00e9 Luis Vargas-Favero as its new executive vice president and general manager for Latin America. In his new role, Vargas-Favero will be responsible for leading Provenir&#8217;s ambitious expansion plans to triple its footprint in the region by the end of 2021.<\/p>\n<p>Vargas-Favero brings more than 25 years of financial services experience in management, sales, business development, consulting, data analytics, decision management technology, digital transformation and risk management to Provenir. Prior to joining Provenir, he held several global senior leadership roles at FICO.<\/p>\n<p>\u201cJos\u00e9\u2019s deep industry knowledge and global experience will be invaluable as we seek to become the leading trusted risk decisioning partner across Latin America,\u201d said Larry Smith, founder and CEO of Provenir. \u201cWe see tremendous opportunity to help financial institutions in the region provide a superior and more inclusive customer experience by providing them with access to alternative types of data to assess risk and make smarter decisions.\u201d<\/p>\n<p>Latin America is producing a large and rapidly growing number of innovative and disruptive fintechs, which are raising record amounts of investment as they seize the opportunity to provide a superior and more responsive customer experience to a region with a population of more than 650 million and a combined economy of over 5 trillion USD. According to estimates, more than 70% of adults in the region have a smartphone yet only 30% have a banking relationship. Under Vargas-Favero\u2019s leadership, Provenir will enhance its ability to support financial and non-financial institutions in providing better credit options to this unbanked population through alternative data powered technology.<\/p>\n<p>\u201cI am honored to join a company that shares my passion for using data, analytics and decisioning technology to improve the financial services landscape for all, and to contribute to eliminating financial exclusion for the vast population of underserved and unbanked individuals in the region,\u201d said Vargas-Favero. \u201cProvenir has distinguished itself as a global leader in risk decisioning processes with its amazing cloud-native technology, and I am excited to join at this pivotal time to help accelerate the company\u2019s existing growth trajectory.\u201d<\/p>\n<p>The company is actively recruiting talent to expand the team in the region and is establishing alliances with local data partners to continue developing the <a href=\"https:\/\/provenir.com\/marketplace\/\">Provenir Marketplace<\/a> and better service the region.<\/p>\n<p>Connect with Jose on <a href=\"https:\/\/www.linkedin.com\/in\/joseluisvargasfavero\/\">Linkedin!<\/a><\/p>\n<\/div>\n<h3><a href=\"https:\/\/provenir.com\/resources\/blog\/10-fintechs-that-are-transforming-sme-lending\/\">10 Fintechs that are Transforming SME Lending<\/a><\/h3>\n<p><p>\n        <a href=\"https:\/\/provenir.com\/pt\/dez-fintechs-que-estao-transformando-os-emprestimos-para-pequenas-e-medias-empresas\/\">Read the blog<\/a>\n    <\/p>\n<\/p>\n<h4>\u00daLTIMAS NOT\u00cdCIAS<\/h4>\n<div>\n<div class=\"pt-cv-wrapper\"><div class=\"pt-cv-view pt-cv-grid pt-cv-colsys cveffect-zoomin pt-cv-pgregular pt-cv-round-btn\" id=\"pt-cv-view-0a6f40eoqj\"><div data-id=\"pt-cv-page-1\" class=\"pt-cv-page\" data-cvc=\"4\"><div class=\"col-md-3 col-sm-4 col-xs-12 pt-cv-content-item pt-cv-1-col\"  data-pid=\"859\"><div class='pt-cv-ifield'><a href=\"https:\/\/www.provenir.com\/pt\/identidades-sinteticas-black-friday-fraudes-cartoes-emprestimos\/\" class=\"_self pt-cv-href-thumbnail pt-cv-thumb-default pt-cv-thumb-wrapper cvplbd cvp-responsive-image img-rounded\" target=\"_self\" data-iw=\"200\" data-ih=\"100\"><\/a>\n<h4 class=\"pt-cv-title\"><a href=\"https:\/\/www.provenir.com\/pt\/identidades-sinteticas-black-friday-fraudes-cartoes-emprestimos\/\" class=\"_self cvplbd\" target=\"_self\" data-iw=\"200\" data-ih=\"100\">Boom de identidades fake amea\u00e7a seguran\u00e7a na Black...<\/a><\/h4>\n<div class=\"pt-cv-content\">Com a chegada da Black Friday, a Provenir destaca o aumento de fraudes com identidades ...<br \/><div class=\"pt-cv-rmwrap\"><a href=\"https:\/\/www.provenir.com\/pt\/identidades-sinteticas-black-friday-fraudes-cartoes-emprestimos\/\" class=\"_self pt-cv-readmore btn btn-success cvplbd\" target=\"_self\" data-iw=\"200\" data-ih=\"100\">Confira<\/a><\/div><\/div><\/div><\/div>\n<div class=\"col-md-3 col-sm-4 col-xs-12 pt-cv-content-item pt-cv-1-col\"  data-pid=\"866\"><div class='pt-cv-ifield'><a href=\"https:\/\/www.provenir.com\/pt\/tecnologia-decisao-credito-futuro-servicos-financeiros\/\" class=\"_self pt-cv-href-thumbnail pt-cv-thumb-default pt-cv-thumb-wrapper cvplbd cvp-responsive-image img-rounded\" target=\"_self\" data-iw=\"200\" data-ih=\"100\"><\/a>\n<h4 class=\"pt-cv-title\"><a href=\"https:\/\/www.provenir.com\/pt\/tecnologia-decisao-credito-futuro-servicos-financeiros\/\" class=\"_self cvplbd\" target=\"_self\" data-iw=\"200\" data-ih=\"100\">Tr\u00eas verdades fundamentais sobre as tecnologias pa...<\/a><\/h4>\n<div class=\"pt-cv-content\">Jose Luis Vargas, VP da Provenir, aponta tr\u00eas verdades essenciais sobre a tecnologia de decis\u00e3o ...<br \/><div class=\"pt-cv-rmwrap\"><a href=\"https:\/\/www.provenir.com\/pt\/tecnologia-decisao-credito-futuro-servicos-financeiros\/\" class=\"_self pt-cv-readmore btn btn-success cvplbd\" target=\"_self\" data-iw=\"200\" data-ih=\"100\">Confira<\/a><\/div><\/div><\/div><\/div>\n<div class=\"col-md-3 col-sm-4 col-xs-12 pt-cv-content-item pt-cv-1-col\"  data-pid=\"853\"><div class='pt-cv-ifield'><a href=\"https:\/\/www.provenir.com\/pt\/alpop-aprimora-analise-credito-com-provenir\/\" class=\"_self pt-cv-href-thumbnail pt-cv-thumb-default pt-cv-thumb-wrapper cvplbd cvp-responsive-image img-rounded\" target=\"_self\" data-iw=\"200\" data-ih=\"100\"><\/a>\n<h4 class=\"pt-cv-title\"><a href=\"https:\/\/www.provenir.com\/pt\/alpop-aprimora-analise-credito-com-provenir\/\" class=\"_self cvplbd\" target=\"_self\" data-iw=\"200\" data-ih=\"100\">Plataforma de aluguel social, Alpop investe em IA ...<\/a><\/h4>\n<div class=\"pt-cv-content\">Com a tecnologia da Provenir, a fintech Alpop facilita a loca\u00e7\u00e3o de im\u00f3veis para clientes ...<br \/><div class=\"pt-cv-rmwrap\"><a href=\"https:\/\/www.provenir.com\/pt\/alpop-aprimora-analise-credito-com-provenir\/\" class=\"_self pt-cv-readmore btn btn-success cvplbd\" target=\"_self\" data-iw=\"200\" data-ih=\"100\">Confira<\/a><\/div><\/div><\/div><\/div>\n<div class=\"col-md-3 col-sm-4 col-xs-12 pt-cv-content-item pt-cv-1-col\"  data-pid=\"854\"><div class='pt-cv-ifield'><a href=\"https:\/\/www.provenir.com\/pt\/alpop-aprimora-analise-credito-com-provenir-2\/\" class=\"_self pt-cv-href-thumbnail pt-cv-thumb-default pt-cv-thumb-wrapper cvplbd cvp-responsive-image img-rounded\" target=\"_self\" data-iw=\"200\" data-ih=\"100\"><\/a>\n<h4 class=\"pt-cv-title\"><a href=\"https:\/\/www.provenir.com\/pt\/alpop-aprimora-analise-credito-com-provenir-2\/\" class=\"_self cvplbd\" target=\"_self\" data-iw=\"200\" data-ih=\"100\">As tend\u00eancias para os provedores de servi\u00e7os finan...<\/a><\/h4>\n<div class=\"pt-cv-content\">Com a tecnologia da Provenir, a fintech Alpop facilita a loca\u00e7\u00e3o de im\u00f3veis para clientes ...<br \/><div class=\"pt-cv-rmwrap\"><a href=\"https:\/\/www.provenir.com\/pt\/alpop-aprimora-analise-credito-com-provenir-2\/\" class=\"_self pt-cv-readmore btn btn-success cvplbd\" target=\"_self\" data-iw=\"200\" data-ih=\"100\">Confira<\/a><\/div><\/div><\/div><\/div><\/div><\/div>\n<div class=\"text-left round-button pt-cv-pagination-wrapper\"><ul class=\"pt-cv-pagination pt-cv-ajax pagination\" data-totalpages=\"6\" data-currentpage=\"1\" data-sid=\"0a6f40eoqj\" data-unid=\"\" data-isblock=\"\" data-postid=\"\"><li class=\"active\"><a href=\"#\">1<\/a><\/li>\n\t<li ><a class=\"\" href=\"https:\/\/www.provenir.com\/pt\/wp-json\/wp\/v2\/posts\/880\/?_page=2\">2<\/a><\/li>\n\t<li ><a class=\"\" href=\"https:\/\/www.provenir.com\/pt\/wp-json\/wp\/v2\/posts\/880\/?_page=3\">3<\/a><\/li>\n\t<li ><a href=\"#\">&hellip;<\/a><\/li>\n\t<li ><a class=\"\" href=\"https:\/\/www.provenir.com\/pt\/wp-json\/wp\/v2\/posts\/880\/?_page=6\">6<\/a><\/li>\n\t<li ><a class=\" \" href=\"https:\/\/www.provenir.com\/pt\/wp-json\/wp\/v2\/posts\/880\/?_page=2\">&rsaquo;<\/a><\/li>\n\t<\/ul><img loading=\"lazy\" decoding=\"async\" width=\"15\" height=\"15\" class=\"pt-cv-spinner\" alt=\"Loading...\" src=\"data:image\/gif;base64,R0lGODlhDwAPALMPAMrKygwMDJOTkz09PZWVla+vr3p6euTk5M7OzuXl5TMzMwAAAJmZmWZmZszMzP\/\/\/yH\/C05FVFNDQVBFMi4wAwEAAAAh+QQFCgAPACwAAAAADwAPAAAEQvDJaZaZOIcV8iQK8VRX4iTYoAwZ4iCYoAjZ4RxejhVNoT+mRGP4cyF4Pp0N98sBGIBMEMOotl6YZ3S61Bmbkm4mAgAh+QQFCgAPACwAAAAADQANAAAENPDJSRSZeA418itN8QiK8BiLITVsFiyBBIoYqnoewAD4xPw9iY4XLGYSjkQR4UAUD45DLwIAIfkEBQoADwAsAAAAAA8ACQAABC\/wyVlamTi3nSdgwFNdhEJgTJoNyoB9ISYoQmdjiZPcj7EYCAeCF1gEDo4Dz2eIAAAh+QQFCgAPACwCAAAADQANAAAEM\/DJBxiYeLKdX3IJZT1FU0iIg2RNKx3OkZVnZ98ToRD4MyiDnkAh6BkNC0MvsAj0kMpHBAAh+QQFCgAPACwGAAAACQAPAAAEMDC59KpFDll73HkAA2wVY5KgiK5b0RRoI6MuzG6EQqCDMlSGheEhUAgqgUUAFRySIgAh+QQFCgAPACwCAAIADQANAAAEM\/DJKZNLND\/kkKaHc3xk+QAMYDKsiaqmZCxGVjSFFCxB1vwy2oOgIDxuucxAMTAJFAJNBAAh+QQFCgAPACwAAAYADwAJAAAEMNAs86q1yaWwwv2Ig0jUZx3OYa4XoRAfwADXoAwfo1+CIjyFRuEho60aSNYlOPxEAAAh+QQFCgAPACwAAAIADQANAAAENPA9s4y8+IUVcqaWJ4qEQozSoAzoIyhCK2NFU2SJk0hNnyEOhKR2AzAAj4Pj4GE4W0bkJQIAOw==\" \/><div class=\"clear pt-cv-clear-pagination\"><\/div><\/div><\/div>\t\t\t<style type=\"text\/css\" id=\"pt-cv-inline-style-94a47603xb\">#pt-cv-view-0a6f40eoqj .pt-cv-title a, #pt-cv-view-0a6f40eoqj  .panel-title { font-weight: 600 !important; }\n#pt-cv-view-0a6f40eoqj .pt-cv-readmore  { color: #ffffff !important; background-color: #200644 !important; }\n#pt-cv-view-0a6f40eoqj .pt-cv-readmore:hover  { color: #ffffff !important; background-color: rgba(32,6,68,0.79) !important; }\n#pt-cv-view-0a6f40eoqj  + .pt-cv-pagination-wrapper .pt-cv-more , #pt-cv-view-0a6f40eoqj  + .pt-cv-pagination-wrapper .pagination .active a, .pt-cv-pagination[data-sid='0a6f40eoqj'] .active a { color: #ffffff !important; background-color: #e0007a !important; }\n#pt-cv-view-0a6f40eoqj .img-rounded, #pt-cv-view-0a6f40eoqj .pt-cv-hover-wrapper { -webkit-border-radius: 10px !important; -moz-border-radius: 10px !important; border-radius: 10px !important; }\n#pt-cv-view-0a6f40eoqj .pt-cv-cap-w-img { border-bottom-left-radius: 10px !important; border-bottom-right-radius: 10px !important; }\n#pt-cv-view-0a6f40eoqj .cvp-responsive-image[style*=\"background-image\"] { width: 200px; max-height: 100px; overflow: hidden; aspect-ratio: 2 }\n#pt-cv-view-0a6f40eoqj .cvp-responsive-image img { max-width: 200px; max-height: 100px; aspect-ratio: 2 }<\/style>\r\n\t\t\t<\/div>\n<p><!--more--><br \/>\n<!-- {\"type\":\"layout\",\"children\":[{\"type\":\"section\",\"props\":{\"animation\":\"slide-bottom-small\",\"header_transparent\":true,\"header_transparent_noplaceholder\":true,\"header_transparent_text_color\":\"light\",\"image\":\"wp-content\/uploads\/hero-bg.svg\",\"image_position\":\"bottom-center\",\"image_size\":\"cover\",\"media_background\":\"#120226\",\"padding_bottom\":\"none\",\"padding_top\":\"large\",\"style\":\"default\",\"title_breakpoint\":\"xl\",\"title_position\":\"top-left\",\"title_rotation\":\"left\",\"vertical_align\":\"\",\"width\":\"default\"},\"children\":[{\"type\":\"row\",\"children\":[{\"type\":\"column\",\"props\":{\"image_position\":\"center-center\",\"position_sticky_breakpoint\":\"m\"},\"children\":[{\"type\":\"headline\",\"props\":{\"class\":\"uk-text-uppercase\",\"image_align\":\"left\",\"image_margin\":\"xsmall\",\"margin_bottom\":\"remove\",\"text_align\":\"center\",\"title_color\":\"warning\",\"title_element\":\"div\",\"title_style\":\"h3\",\"yooessentials_access_conditions\":[],\"yooessentials_access_mode\":\"AND\"},\"name\":\"PTBR - Block - AUTOPOPULATED - RESOURCE NAME\",\"source_extended\":{\"props\":{}},\"source\":{\"query\":{\"name\":\"posts.singlePost\"},\"props\":{\"content\":{\"arguments\":{\"separator\":\", \",\"show_link\":false,\"link_style\":\"\"},\"name\":\"resourceString\"}}}},{\"type\":\"headline\",\"props\":{\"content\":\"Provenir Nomeia Novo Vice-Presidente Executivo e Gerente Geral para Comandar Expans\u00e3o na Am\u00e9rica Latina\",\"image_align\":\"left\",\"image_margin\":\"xsmall\",\"margin_bottom\":\"medium\",\"margin_top\":\"remove\",\"text_align\":\"center\",\"title_element\":\"h1\",\"title_style\":\"heading-small\"}},{\"type\":\"grid\",\"props\":{\"content_column_breakpoint\":\"m\",\"filter_align\":\"left\",\"filter_all\":true,\"filter_grid_breakpoint\":\"m\",\"filter_grid_width\":\"auto\",\"filter_position\":\"top\",\"filter_style\":\"tab\",\"grid_column_align\":true,\"grid_column_gap\":\"small\",\"grid_default\":\"1\",\"grid_divider\":true,\"grid_medium\":\"\",\"grid_parallax_justify\":false,\"grid_row_align\":true,\"grid_row_gap\":\"small\",\"grid_small\":\"auto\",\"image_align\":\"left\",\"image_border\":\"circle\",\"image_grid_breakpoint\":\"m\",\"image_grid_width\":\"auto\",\"image_height\":\"60\",\"image_svg_color\":\"emphasis\",\"image_vertical_align\":true,\"image_width\":\"60\",\"item_animation\":true,\"lightbox_bg_close\":true,\"link_style\":\"default\",\"link_text\":\"Read more\",\"margin_bottom\":\"remove\",\"margin_top\":\"medium\",\"meta_align\":\"below-title\",\"meta_element\":\"div\",\"meta_style\":\"text-meta\",\"panel_link\":true,\"show_content\":true,\"show_hover_image\":true,\"show_hover_video\":true,\"show_image\":true,\"show_link\":true,\"show_meta\":true,\"show_title\":true,\"show_video\":true,\"text_align\":\"left\",\"text_align_breakpoint\":\"s\",\"text_align_fallback\":\"center\",\"title_align\":\"top\",\"title_element\":\"h3\",\"title_grid_breakpoint\":\"m\",\"title_grid_width\":\"1-2\",\"title_hover_style\":\"reset\"},\"children\":[{\"type\":\"grid_item\",\"source\":{\"query\":{\"name\":\"posts.singlePost\"},\"props\":{\"_condition\":{\"filters\":{\"condition\":\"!!\"},\"name\":\"author.name\"},\"content\":{\"filters\":{\"search\":\"\"},\"name\":\"author.name\"},\"image\":{\"filters\":{\"search\":\"\"},\"arguments\":{\"size\":\"96\"},\"name\":\"author.avatar\"}}}},{\"type\":\"grid_item\",\"source\":{\"query\":{\"name\":\"posts.singlePost\"},\"props\":{\"_condition\":{\"filters\":{\"condition\":\"!!\"},\"name\":\"date\"},\"content\":{\"filters\":{\"search\":\"\",\"date\":\"\"},\"name\":\"date\"}}}}],\"name\":\"Author | Date (auto populated)\"}]}]}],\"name\":\"home-hero\"},{\"type\":\"section\",\"props\":{\"image_position\":\"center-center\",\"style\":\"secondary\",\"title_breakpoint\":\"xl\",\"title_position\":\"top-left\",\"title_rotation\":\"left\",\"vertical_align\":\"\",\"width\":\"default\"},\"children\":[{\"type\":\"row\",\"children\":[{\"type\":\"column\",\"props\":{\"image_position\":\"center-center\",\"position_sticky_breakpoint\":\"m\",\"width_medium\":\"2-3\"},\"children\":[{\"type\":\"image\",\"props\":{\"image_border\":\"rounded\",\"image_box_decoration\":\"shadow\",\"image_height\":300,\"image_loading\":true,\"image_svg_color\":\"emphasis\",\"margin_bottom\":\"default\",\"margin_top\":\"default\",\"status\":\"disabled\",\"text_align\":\"left\"},\"source\":{\"query\":{\"name\":\"posts.singlePost\"},\"props\":{\"_condition\":{\"filters\":{\"condition\":\"!!\"},\"name\":\"featuredImage.url\"},\"image\":{\"filters\":{\"search\":\"\"},\"name\":\"featuredImage.url\"}}},\"name\":\"Image (auto populated from feature image)\"},{\"type\":\"text\",\"props\":{\"column_breakpoint\":\"m\",\"content\":\"\n\n<p>The appointment reinforces Provenir\u2019s commitment to support financial institutions in simplifying their risk decisioning and driving innovative products to market faster<\/p>\n\n\\n\n\n<p>PARSIPPANY, NJ\u2013Sept. 1, 2021 \u2013 Provenir, a global leader in data analytics software and risk decisioning, has appointed Jos\u00e9 Luis Vargas-Favero as its new executive vice president and general manager for Latin America. In his new role, Vargas-Favero will be responsible for leading Provenir's ambitious expansion plans to triple its footprint in the region by the end of 2021.<\/p>\n\n\\n\n\n<p>Vargas-Favero brings more than 25 years of financial services experience in management, sales, business development, consulting, data analytics, decision management technology, digital transformation and risk management to Provenir. Prior to joining Provenir, he held several global senior leadership roles at FICO.<\/p>\n\n\\n\n\n<p>\u201cJos\u00e9\u2019s deep industry knowledge and global experience will be invaluable as we seek to become the leading trusted risk decisioning partner across Latin America,\u201d said Larry Smith, founder and CEO of Provenir. \u201cWe see tremendous opportunity to help financial institutions in the region provide a superior and more inclusive customer experience by providing them with access to alternative types of data to assess risk and make smarter decisions.\u201d<\/p>\n\n\\n\n\n<p>Latin America is producing a large and rapidly growing number of innovative and disruptive fintechs, which are raising record amounts of investment as they seize the opportunity to provide a superior and more responsive customer experience to a region with a population of more than 650 million and a combined economy of over 5 trillion USD. According to estimates, more than 70% of adults in the region have a smartphone yet only 30% have a banking relationship. Under Vargas-Favero\u2019s leadership, Provenir will enhance its ability to support financial and non-financial institutions in providing better credit options to this unbanked population through alternative data powered technology.<\/p>\n\n\\n\n\n<p>\u201cI am honored to join a company that shares my passion for using data, analytics and decisioning technology to improve the financial services landscape for all, and to contribute to eliminating financial exclusion for the vast population of underserved and unbanked individuals in the region,\u201d said Vargas-Favero. \u201cProvenir has distinguished itself as a global leader in risk decisioning processes with its amazing cloud-native technology, and I am excited to join at this pivotal time to help accelerate the company\u2019s existing growth trajectory.\u201d<\/p>\n\n\\n\n\n<p>The company is actively recruiting talent to expand the team in the region and is establishing alliances with local data partners to continue developing the <a href=\\\"https:\/\/provenir.com\/marketplace\/\\\">Provenir Marketplace<\/a> and better service the region.<\/p>\n\n\\n\n\n<p>Connect with Jose on <a href=\\\"https:\/\/www.linkedin.com\/in\/joseluisvargasfavero\/\\\">Linkedin!<\/a><\/p>\n\n\",\"margin_bottom\":\"default\",\"margin_top\":\"default\"}}]},{\"type\":\"column\",\"props\":{\"image_position\":\"center-center\",\"position_sticky\":\"row\",\"position_sticky_breakpoint\":\"m\",\"position_sticky_offset\":\"100\",\"style\":\"card-default\",\"width_medium\":\"1-3\"},\"children\":[{\"type\":\"headline\",\"props\":{\"content\":\"<a href=\\\"https:\/\/provenir.com\/resources\/blog\/10-fintechs-that-are-transforming-sme-lending\/\\\">10 Fintechs that are Transforming SME Lending<\/a>\",\"image_align\":\"left\",\"image_margin\":\"xsmall\",\"text_align\":\"center\",\"title_element\":\"h3\",\"title_style\":\"h3\"}},{\"type\":\"button\",\"props\":{\"grid_column_gap\":\"small\",\"grid_row_gap\":\"\",\"margin_bottom\":\"medium\",\"margin_top\":\"medium\",\"maxwidth\":\"medium\",\"text_align\":\"center\"},\"children\":[{\"type\":\"button_item\",\"props\":{\"button_style\":\"default\",\"content\":\"Read the blog\",\"dialog_layout\":\"modal\",\"dialog_offcanvas_flip\":true,\"icon_align\":\"left\",\"link\":\"https:\/\/provenir.com\/pt\/dez-fintechs-que-estao-transformando-os-emprestimos-para-pequenas-e-medias-empresas\/\"}}]}]}],\"props\":{\"layout\":\"2-3,1-3\"}}]},{\"type\":\"section\",\"props\":{\"image_position\":\"center-center\",\"padding_top\":\"none\",\"preserve_color\":false,\"style\":\"secondary\",\"title_breakpoint\":\"xl\",\"title_position\":\"top-left\",\"title_rotation\":\"left\",\"vertical_align\":\"\",\"width\":\"default\"},\"children\":[{\"type\":\"row\",\"children\":[{\"type\":\"column\",\"props\":{\"image_position\":\"center-center\",\"position_sticky_breakpoint\":\"m\"},\"children\":[{\"type\":\"headline\",\"props\":{\"content\":\"\u00daLTIMAS NOT\u00cdCIAS\",\"image_align\":\"left\",\"image_margin\":\"xsmall\",\"title_color\":\"background\",\"title_decoration\":\"line\",\"title_element\":\"h4\",\"title_style\":\"text-large\"}},{\"type\":\"html\",\"props\":{\"content\":\"[pt_view id=\\\"0a6f40eoqj\\\"]\"}}]}]}],\"name\":\"PTBR - Block - filter News\"}],\"version\":\"5.0.25\",\"yooessentialsVersion\":\"3.0.2\"} --><\/p>\n","protected":false},"excerpt":{"rendered":"<p>A Provenir nomeou Jos\u00e9 Luis Vargas-Favero como VP Executivo e Gerente Geral para a Am\u00e9rica Latina, com o objetivo de liderar os planos de crescimento da empresa. Com mais de 25 anos de experi\u00eancia, Vargas-Favero impulsionar\u00e1 os esfor\u00e7os para apoiar institui\u00e7\u00f5es financeiras com tecnologia inovadora de decis\u00e3o de risco baseada em dados alternativos, promovendo maior inclus\u00e3o financeira na regi\u00e3o<\/p>\n","protected":false},"author":18,"featured_media":0,"comment_status":"closed","ping_status":"closed","sticky":false,"template":"","format":"standard","meta":{"_acf_changed":false,"footnotes":""},"categories":[5],"tags":[],"industry":[35],"language":[41],"mktplace-data-type":[],"mktplace-region":[],"mktplace-use-case":[],"resource":[85],"class_list":["post-880","post","type-post","status-publish","format-standard","hentry","category-noticias","industry-provenir","language-ptbr","resource-noticias"],"acf":[],"yoast_head":"<!-- This site is optimized with the Yoast SEO Premium plugin v27.4 (Yoast SEO v27.4) - https:\/\/yoast.com\/product\/yoast-seo-premium-wordpress\/ -->\n<title>Novo Vice-Presidente Executivo e Gerente Geral para Comandar Expans\u00e3o na Am\u00e9rica Latina<\/title>\n<meta name=\"description\" content=\"Provenir nomeia novo vice-presidente executivo e gerente geral para liderar sua expans\u00e3o pela Am\u00e9rica Latina.\" \/>\n<meta name=\"robots\" content=\"index, follow, max-snippet:-1, max-image-preview:large, max-video-preview:-1\" \/>\n<link rel=\"canonical\" href=\"https:\/\/www.provenir.com\/pt\/provenir-nomeia-novo-vice-presidente-executivo-e-gerente-geral-para-comandar-expansao-na-america-latina\/\" \/>\n<meta property=\"og:locale\" content=\"pt_BR\" \/>\n<meta property=\"og:type\" content=\"article\" \/>\n<meta property=\"og:title\" content=\"Provenir Nomeia Novo Vice-Presidente Executivo e Gerente Geral para Comandar Expans\u00e3o na Am\u00e9rica Latina\" \/>\n<meta property=\"og:description\" content=\"Provenir nomeia novo vice-presidente executivo e gerente geral para liderar sua expans\u00e3o pela Am\u00e9rica Latina.\" \/>\n<meta property=\"og:url\" content=\"https:\/\/www.provenir.com\/pt\/provenir-nomeia-novo-vice-presidente-executivo-e-gerente-geral-para-comandar-expansao-na-america-latina\/\" \/>\n<meta property=\"og:site_name\" content=\"Provenir-PTBR\" \/>\n<meta property=\"article:published_time\" content=\"2021-09-01T15:35:15+00:00\" \/>\n<meta property=\"article:modified_time\" content=\"2026-04-01T09:19:25+00:00\" \/>\n<meta name=\"author\" content=\"Carol Hamilton\" \/>\n<meta name=\"twitter:card\" content=\"summary_large_image\" \/>\n<meta name=\"twitter:label1\" content=\"Written by\" \/>\n\t<meta name=\"twitter:data1\" content=\"Carol Hamilton\" \/>\n\t<meta name=\"twitter:label2\" content=\"Est. reading time\" \/>\n\t<meta name=\"twitter:data2\" content=\"3 minutos\" \/>\n<script type=\"application\/ld+json\" class=\"yoast-schema-graph\">{\"@context\":\"https:\\\/\\\/schema.org\",\"@graph\":[{\"@type\":\"Article\",\"@id\":\"https:\\\/\\\/www.provenir.com\\\/pt\\\/provenir-nomeia-novo-vice-presidente-executivo-e-gerente-geral-para-comandar-expansao-na-america-latina\\\/#article\",\"isPartOf\":{\"@id\":\"https:\\\/\\\/www.provenir.com\\\/pt\\\/provenir-nomeia-novo-vice-presidente-executivo-e-gerente-geral-para-comandar-expansao-na-america-latina\\\/\"},\"author\":{\"name\":\"Carol Hamilton\",\"@id\":\"https:\\\/\\\/www.provenir.com\\\/pt\\\/#\\\/schema\\\/person\\\/14ab90192884c66d8c80ad32ded8c258\"},\"headline\":\"Provenir Nomeia Novo Vice-Presidente Executivo e Gerente Geral para Comandar Expans\u00e3o na Am\u00e9rica Latina\",\"datePublished\":\"2021-09-01T15:35:15+00:00\",\"dateModified\":\"2026-04-01T09:19:25+00:00\",\"mainEntityOfPage\":{\"@id\":\"https:\\\/\\\/www.provenir.com\\\/pt\\\/provenir-nomeia-novo-vice-presidente-executivo-e-gerente-geral-para-comandar-expansao-na-america-latina\\\/\"},\"wordCount\":460,\"articleSection\":[\"Not\u00edcias\"],\"inLanguage\":\"pt-BR\"},{\"@type\":\"WebPage\",\"@id\":\"https:\\\/\\\/www.provenir.com\\\/pt\\\/provenir-nomeia-novo-vice-presidente-executivo-e-gerente-geral-para-comandar-expansao-na-america-latina\\\/\",\"url\":\"https:\\\/\\\/www.provenir.com\\\/pt\\\/provenir-nomeia-novo-vice-presidente-executivo-e-gerente-geral-para-comandar-expansao-na-america-latina\\\/\",\"name\":\"Novo Vice-Presidente Executivo e Gerente Geral para Comandar Expans\u00e3o na Am\u00e9rica Latina\",\"isPartOf\":{\"@id\":\"https:\\\/\\\/www.provenir.com\\\/pt\\\/#website\"},\"datePublished\":\"2021-09-01T15:35:15+00:00\",\"dateModified\":\"2026-04-01T09:19:25+00:00\",\"author\":{\"@id\":\"https:\\\/\\\/www.provenir.com\\\/pt\\\/#\\\/schema\\\/person\\\/14ab90192884c66d8c80ad32ded8c258\"},\"description\":\"Provenir nomeia novo vice-presidente executivo e gerente geral para liderar sua expans\u00e3o pela Am\u00e9rica Latina.\",\"breadcrumb\":{\"@id\":\"https:\\\/\\\/www.provenir.com\\\/pt\\\/provenir-nomeia-novo-vice-presidente-executivo-e-gerente-geral-para-comandar-expansao-na-america-latina\\\/#breadcrumb\"},\"inLanguage\":\"pt-BR\",\"potentialAction\":[{\"@type\":\"ReadAction\",\"target\":[\"https:\\\/\\\/www.provenir.com\\\/pt\\\/provenir-nomeia-novo-vice-presidente-executivo-e-gerente-geral-para-comandar-expansao-na-america-latina\\\/\"]}]},{\"@type\":\"BreadcrumbList\",\"@id\":\"https:\\\/\\\/www.provenir.com\\\/pt\\\/provenir-nomeia-novo-vice-presidente-executivo-e-gerente-geral-para-comandar-expansao-na-america-latina\\\/#breadcrumb\",\"itemListElement\":[{\"@type\":\"ListItem\",\"position\":1,\"name\":\"Home\",\"item\":\"https:\\\/\\\/www.provenir.com\\\/pt\\\/\"},{\"@type\":\"ListItem\",\"position\":2,\"name\":\"Provenir Nomeia Novo Vice-Presidente Executivo e Gerente Geral para Comandar Expans\u00e3o na Am\u00e9rica Latina\"}]},{\"@type\":\"WebSite\",\"@id\":\"https:\\\/\\\/www.provenir.com\\\/pt\\\/#website\",\"url\":\"https:\\\/\\\/www.provenir.com\\\/pt\\\/\",\"name\":\"Provenir-PTBR\",\"description\":\"Decis\u00e3o de risco de cr\u00e9dito baseada em IA\",\"potentialAction\":[{\"@type\":\"SearchAction\",\"target\":{\"@type\":\"EntryPoint\",\"urlTemplate\":\"https:\\\/\\\/www.provenir.com\\\/pt\\\/?s={search_term_string}\"},\"query-input\":{\"@type\":\"PropertyValueSpecification\",\"valueRequired\":true,\"valueName\":\"search_term_string\"}}],\"inLanguage\":\"pt-BR\"},{\"@type\":\"Person\",\"@id\":\"https:\\\/\\\/www.provenir.com\\\/pt\\\/#\\\/schema\\\/person\\\/14ab90192884c66d8c80ad32ded8c258\",\"name\":\"Carol Hamilton\",\"image\":{\"@type\":\"ImageObject\",\"inLanguage\":\"pt-BR\",\"@id\":\"https:\\\/\\\/www.provenir.com\\\/wp-content\\\/uploads\\\/2025\\\/02\\\/carol-1080x1080-1-96x96.jpg\",\"url\":\"https:\\\/\\\/www.provenir.com\\\/wp-content\\\/uploads\\\/2025\\\/02\\\/carol-1080x1080-1-96x96.jpg\",\"contentUrl\":\"https:\\\/\\\/www.provenir.com\\\/wp-content\\\/uploads\\\/2025\\\/02\\\/carol-1080x1080-1-96x96.jpg\",\"caption\":\"Carol Hamilton\"},\"url\":\"https:\\\/\\\/www.provenir.com\\\/pt\\\/author\\\/carol\\\/\"}]}<\/script>\n<!-- \/ Yoast SEO Premium plugin. -->","yoast_head_json":{"title":"Novo Vice-Presidente Executivo e Gerente Geral para Comandar Expans\u00e3o na Am\u00e9rica Latina","description":"Provenir nomeia novo vice-presidente executivo e gerente geral para liderar sua expans\u00e3o pela Am\u00e9rica Latina.","robots":{"index":"index","follow":"follow","max-snippet":"max-snippet:-1","max-image-preview":"max-image-preview:large","max-video-preview":"max-video-preview:-1"},"canonical":"https:\/\/www.provenir.com\/pt\/provenir-nomeia-novo-vice-presidente-executivo-e-gerente-geral-para-comandar-expansao-na-america-latina\/","og_locale":"pt_BR","og_type":"article","og_title":"Provenir Nomeia Novo Vice-Presidente Executivo e Gerente Geral para Comandar Expans\u00e3o na Am\u00e9rica Latina","og_description":"Provenir nomeia novo vice-presidente executivo e gerente geral para liderar sua expans\u00e3o pela Am\u00e9rica Latina.","og_url":"https:\/\/www.provenir.com\/pt\/provenir-nomeia-novo-vice-presidente-executivo-e-gerente-geral-para-comandar-expansao-na-america-latina\/","og_site_name":"Provenir-PTBR","article_published_time":"2021-09-01T15:35:15+00:00","article_modified_time":"2026-04-01T09:19:25+00:00","author":"Carol Hamilton","twitter_card":"summary_large_image","twitter_misc":{"Written by":"Carol Hamilton","Est. reading time":"3 minutos"},"schema":{"@context":"https:\/\/schema.org","@graph":[{"@type":"Article","@id":"https:\/\/www.provenir.com\/pt\/provenir-nomeia-novo-vice-presidente-executivo-e-gerente-geral-para-comandar-expansao-na-america-latina\/#article","isPartOf":{"@id":"https:\/\/www.provenir.com\/pt\/provenir-nomeia-novo-vice-presidente-executivo-e-gerente-geral-para-comandar-expansao-na-america-latina\/"},"author":{"name":"Carol Hamilton","@id":"https:\/\/www.provenir.com\/pt\/#\/schema\/person\/14ab90192884c66d8c80ad32ded8c258"},"headline":"Provenir Nomeia Novo Vice-Presidente Executivo e Gerente Geral para Comandar Expans\u00e3o na Am\u00e9rica Latina","datePublished":"2021-09-01T15:35:15+00:00","dateModified":"2026-04-01T09:19:25+00:00","mainEntityOfPage":{"@id":"https:\/\/www.provenir.com\/pt\/provenir-nomeia-novo-vice-presidente-executivo-e-gerente-geral-para-comandar-expansao-na-america-latina\/"},"wordCount":460,"articleSection":["Not\u00edcias"],"inLanguage":"pt-BR"},{"@type":"WebPage","@id":"https:\/\/www.provenir.com\/pt\/provenir-nomeia-novo-vice-presidente-executivo-e-gerente-geral-para-comandar-expansao-na-america-latina\/","url":"https:\/\/www.provenir.com\/pt\/provenir-nomeia-novo-vice-presidente-executivo-e-gerente-geral-para-comandar-expansao-na-america-latina\/","name":"Novo Vice-Presidente Executivo e Gerente Geral para Comandar Expans\u00e3o na Am\u00e9rica Latina","isPartOf":{"@id":"https:\/\/www.provenir.com\/pt\/#website"},"datePublished":"2021-09-01T15:35:15+00:00","dateModified":"2026-04-01T09:19:25+00:00","author":{"@id":"https:\/\/www.provenir.com\/pt\/#\/schema\/person\/14ab90192884c66d8c80ad32ded8c258"},"description":"Provenir nomeia novo vice-presidente executivo e gerente geral para liderar sua expans\u00e3o pela Am\u00e9rica Latina.","breadcrumb":{"@id":"https:\/\/www.provenir.com\/pt\/provenir-nomeia-novo-vice-presidente-executivo-e-gerente-geral-para-comandar-expansao-na-america-latina\/#breadcrumb"},"inLanguage":"pt-BR","potentialAction":[{"@type":"ReadAction","target":["https:\/\/www.provenir.com\/pt\/provenir-nomeia-novo-vice-presidente-executivo-e-gerente-geral-para-comandar-expansao-na-america-latina\/"]}]},{"@type":"BreadcrumbList","@id":"https:\/\/www.provenir.com\/pt\/provenir-nomeia-novo-vice-presidente-executivo-e-gerente-geral-para-comandar-expansao-na-america-latina\/#breadcrumb","itemListElement":[{"@type":"ListItem","position":1,"name":"Home","item":"https:\/\/www.provenir.com\/pt\/"},{"@type":"ListItem","position":2,"name":"Provenir Nomeia Novo Vice-Presidente Executivo e Gerente Geral para Comandar Expans\u00e3o na Am\u00e9rica Latina"}]},{"@type":"WebSite","@id":"https:\/\/www.provenir.com\/pt\/#website","url":"https:\/\/www.provenir.com\/pt\/","name":"Provenir-PTBR","description":"Decis\u00e3o de risco de cr\u00e9dito baseada em IA","potentialAction":[{"@type":"SearchAction","target":{"@type":"EntryPoint","urlTemplate":"https:\/\/www.provenir.com\/pt\/?s={search_term_string}"},"query-input":{"@type":"PropertyValueSpecification","valueRequired":true,"valueName":"search_term_string"}}],"inLanguage":"pt-BR"},{"@type":"Person","@id":"https:\/\/www.provenir.com\/pt\/#\/schema\/person\/14ab90192884c66d8c80ad32ded8c258","name":"Carol Hamilton","image":{"@type":"ImageObject","inLanguage":"pt-BR","@id":"https:\/\/www.provenir.com\/wp-content\/uploads\/2025\/02\/carol-1080x1080-1-96x96.jpg","url":"https:\/\/www.provenir.com\/wp-content\/uploads\/2025\/02\/carol-1080x1080-1-96x96.jpg","contentUrl":"https:\/\/www.provenir.com\/wp-content\/uploads\/2025\/02\/carol-1080x1080-1-96x96.jpg","caption":"Carol Hamilton"},"url":"https:\/\/www.provenir.com\/pt\/author\/carol\/"}]}},"_links":{"self":[{"href":"https:\/\/www.provenir.com\/pt\/wp-json\/wp\/v2\/posts\/880","targetHints":{"allow":["GET"]}}],"collection":[{"href":"https:\/\/www.provenir.com\/pt\/wp-json\/wp\/v2\/posts"}],"about":[{"href":"https:\/\/www.provenir.com\/pt\/wp-json\/wp\/v2\/types\/post"}],"author":[{"embeddable":true,"href":"https:\/\/www.provenir.com\/pt\/wp-json\/wp\/v2\/users\/18"}],"replies":[{"embeddable":true,"href":"https:\/\/www.provenir.com\/pt\/wp-json\/wp\/v2\/comments?post=880"}],"version-history":[{"count":0,"href":"https:\/\/www.provenir.com\/pt\/wp-json\/wp\/v2\/posts\/880\/revisions"}],"wp:attachment":[{"href":"https:\/\/www.provenir.com\/pt\/wp-json\/wp\/v2\/media?parent=880"}],"wp:term":[{"taxonomy":"category","embeddable":true,"href":"https:\/\/www.provenir.com\/pt\/wp-json\/wp\/v2\/categories?post=880"},{"taxonomy":"post_tag","embeddable":true,"href":"https:\/\/www.provenir.com\/pt\/wp-json\/wp\/v2\/tags?post=880"},{"taxonomy":"industry","embeddable":true,"href":"https:\/\/www.provenir.com\/pt\/wp-json\/wp\/v2\/industry?post=880"},{"taxonomy":"language","embeddable":true,"href":"https:\/\/www.provenir.com\/pt\/wp-json\/wp\/v2\/language?post=880"},{"taxonomy":"mktplace-data-type","embeddable":true,"href":"https:\/\/www.provenir.com\/pt\/wp-json\/wp\/v2\/mktplace-data-type?post=880"},{"taxonomy":"mktplace-region","embeddable":true,"href":"https:\/\/www.provenir.com\/pt\/wp-json\/wp\/v2\/mktplace-region?post=880"},{"taxonomy":"mktplace-use-case","embeddable":true,"href":"https:\/\/www.provenir.com\/pt\/wp-json\/wp\/v2\/mktplace-use-case?post=880"},{"taxonomy":"resource","embeddable":true,"href":"https:\/\/www.provenir.com\/pt\/wp-json\/wp\/v2\/resource?post=880"}],"curies":[{"name":"wp","href":"https:\/\/api.w.org\/{rel}","templated":true}]}}